{"id":1141,"date":"2015-05-14T18:00:35","date_gmt":"2015-05-14T17:00:35","guid":{"rendered":"http:\/\/arquitecturadeasturias.com\/obras\/?p=1141"},"modified":"2015-05-14T17:25:50","modified_gmt":"2015-05-14T16:25:50","slug":"antigua-gasolinera-mayfer-modificado","status":"publish","type":"post","link":"https:\/\/arquitecturadeasturias.com\/obras\/antigua-gasolinera-mayfer-modificado\/","title":{"rendered":"Antigua Gasolinera Mayfer (restos)"},"content":{"rendered":"<p><a href=\"https:\/\/arquitecturadeasturias.com\/obras\/wp-content\/uploads\/2015\/05\/EXPO92040-copia.jpg\"><img loading=\"lazy\" class=\"alignnone wp-image-1142 size-full\" src=\"https:\/\/arquitecturadeasturias.com\/obras\/wp-content\/uploads\/2015\/05\/EXPO92040-copia.jpg\" alt=\"\" width=\"770\" height=\"205\" \/><\/a><\/p>\n<p style=\"text-align: right;\"><a href=\"http:\/\/informesdelaconstruccion.revistas.csic.es\/index.php\/informesdelaconstruccion\/index\" target=\"_blank\"><span style=\"color: #c0c0c0;\">Informes de la Construcci\u00f3n<\/span><\/a><\/p>\n<table class=\"aligncenter\" border=\"0\" width=\"620\" cellspacing=\"0\" cellpadding=\"0\">\n<tbody>\n<tr>\n<td width=\"180\"><strong>Obra:<\/strong><\/td>\n<td>\u00a0Antigua Gasolinera Mayfer (restos)<\/td>\n<\/tr>\n<tr>\n<td><strong>Arquitecto:<\/strong><\/td>\n<td>\u00a0Mariano Mar\u00edn Rodr\u00edguez-Rivas y Mariano Mar\u00edn de la Vi\u00f1a<\/td>\n<\/tr>\n<tr>\n<td><strong>Localidad:<\/strong><\/td>\n<td>\u00a0Gij\u00f3n<\/td>\n<\/tr>\n<tr>\n<td><strong>Ayuntamiento:<\/strong><\/td>\n<td>\u00a0Gij\u00f3n<\/td>\n<\/tr>\n<tr>\n<td><strong>A\u00f1o:<\/strong><\/td>\n<td>\u00a01959<\/td>\n<\/tr>\n<tr>\n<td><strong>Geolocalizaci\u00f3n:<\/strong><\/td>\n<td><strong>\u00a0<a href=\"https:\/\/www.google.com\/fusiontables\/embedviz?q=select+col6+from+1InU4j1en-gRMKYhwLG5Jml-HUrpJQ44KqowJKWPY+where+col4+%3D+'Gij%C3%B3n'+and+col5+%3D+'1959'&amp;viz=MAP&amp;h=false&amp;lat=43.53780846297301&amp;lng=-5.670501009178219&amp;t=1&amp;z=18&amp;l=col6&amp;y=2&amp;tmplt=3&amp;hml=GEOCODABLE\" target=\"_blank\">43.537,-5.671<\/a><\/strong><\/td>\n<\/tr>\n<\/tbody>\n<\/table>\n<table class=\" aligncenter\" border=\"0\" width=\"620\" cellspacing=\"0\" cellpadding=\"0\">\n<tbody>\n<tr>\n<td colspan=\"3\"><strong>Otros Datos:<\/strong><\/td>\n<\/tr>\n<tr>\n<td width=\"20\"><\/td>\n<td colspan=\"2\"><strong>Premios:<\/strong><\/td>\n<\/tr>\n<tr>\n<td width=\"20\"><\/td>\n<td width=\"20\"><\/td>\n<td width=\"580\"><\/td>\n<\/tr>\n<tr>\n<td width=\"20\"><\/td>\n<td colspan=\"2\"><strong>Publicaciones:<\/strong><\/td>\n<\/tr>\n<tr>\n<td width=\"20\"><\/td>\n<td width=\"20\"><\/td>\n<td>\n<ul>\n<li>\u00a0NANCLARES,\u00a0Fernando y RUIZ, Nieves. <span style=\"text-decoration: underline;\">Lo moderno de nuevo. Arquitectura en Asturias 1950-1965<\/span>. Madrid; La micro, 2014.<\/li>\n<li>Revista Informes de la Construcci\u00f3n 140. Madrid; Instituto Eduardo Torroja, 1961.<\/li>\n<\/ul>\n<\/td>\n<\/tr>\n<tr>\n<td width=\"20\"><\/td>\n<td colspan=\"2\"><strong>Informaci\u00f3n en la\u00a0red:<\/strong><\/td>\n<\/tr>\n<tr>\n<td width=\"20\"><\/td>\n<td width=\"20\"><\/td>\n<td>\n<ul>\n<li><a href=\"https:\/\/www.facebook.com\/media\/set\/?set=a.183648758384747.45923.182950981787858&amp;type=3\" target=\"_blank\">Arquitectura moderna en Asturias (1950-1965)<\/a><\/li>\n<li><a href=\"http:\/\/www.lne.es\/gijon\/2014\/10\/07\/vanguardia-obras-ingenio\/1652614.html\" target=\"_blank\">LNE. Vanguardia y obras de Ingenio. Hector Blanco<\/a><\/li>\n<li><a href=\"http:\/\/www.elcomercio.es\/gijon\/20071111\/gijon\/patrimonio-retorno-20071111.html\" target=\"_blank\">El Comercio. Patrimonio sin retorno<\/a><\/li>\n<li><a href=\"http:\/\/campsaredsprint2.blogspot.com.es\/2015\/04\/historia-de-un-paraguas.html\" target=\"_blank\">campsaredsprint2.blogspot.com.es<\/a><\/li>\n<\/ul>\n<\/td>\n<\/tr>\n<tr>\n<td width=\"20\"><\/td>\n<td colspan=\"2\"><strong>Descripci\u00f3n del proyecto:<\/strong><\/td>\n<\/tr>\n<tr>\n<td width=\"20\"><\/td>\n<td width=\"20\"><\/td>\n<td style=\"text-align: justify;\">La imagen que hoy tenemos de esta estaci\u00f3n de servicio,\u00a0dista bastante\u00a0de la de modernidad que representaba en su momento con las estructuras de paraguas invertido que realizaban F\u00e9lix Candela o S\u00e1nchez del R\u00edo.Dividido en dos partes sim\u00e9tricas debido a una v\u00eda que en aquel momento estaba proyectada, pero que nunca se abri\u00f3, el programa de inicio, era el de una estaci\u00f3n de servicio con zonas de engrase y lavado, a\u00a0la\u00a0que se le dio\u00a0una\u00a0imagen industrial resuelta con un proyecto de estructura.<\/p>\n<p>El proyecto que estaba divido en tres zonas, de las cuales\u00a0dos hoy en d\u00eda mantienen su volumetr\u00eda, la zona semicerrada pensada para para lavado y otra\u00a0cerrada destinada a oficinas y servicios (modificada), y una tercera\u00a0abierta\u00a0destina a los repostadores\u00a0(que era la que cubr\u00eda la estructura de paraguas invertidos)<\/p>\n<p>La zona que hoy sigue en pie, es una cubierta en V asim\u00e9trica que llega en su punto m\u00e1s alto hasta el borde de la parcela cerrada por un muro perimetral, que alberga la zona de lavado. A su vez, bajo la cubierta se integra el volumen cerrado, destinado a tienda, oficina y servicios, que ha sido alterado tanto en sus huecos como acabados, ya que en su origen era de peque\u00f1as piezas cer\u00e1micas (vitraico), para poder lavar facilmente.<\/p>\n<p>La parte\u00a0desaparecida es la zona\u00a0abierta,\u00a0donde\u00a0la estructura eran\u00a0los comentados paraguas invertidos de hormig\u00f3n armado (demolidos en 2001), que constaban de un basamento en cruz de 80cmx80cm y una columna de 45cm de di\u00e1metro, que remataban en cuatro nervios diferentes que soportaban el asim\u00e9trico forjado cer\u00e1mico.\u00a0La estructura\u00a0daba el juego perfecto, no solo como imagen, tambi\u00e9n consegu\u00eda\u00a0cubrir el espacio, permitir la entrada de luz y facilitar\u00a0la movilidad de los veh\u00edculos por el minimizado n\u00famero de apoyos. Esta imagen, fue sustituida por la de una gasolinera\u00a0convencional.<\/p>\n<p>Omar Ro.Ma.<\/td>\n<\/tr>\n<tr>\n<td width=\"20\"><\/td>\n<td colspan=\"2\"><b><b>Reportaje fotogr\u00e1fico: \u00a0<\/b><\/b><a href=\"http:\/\/informesdelaconstruccion.revistas.csic.es\/index.php\/informesdelaconstruccion\/index\" target=\"_blank\">Revista Informes de la Costrucci\u00f3n 140<\/a>\u00a0\/ <a href=\"https:\/\/www.facebook.com\/pages\/Arquitectura-moderna-en-Asturias-1950-1965\/182950981787858\" target=\"_blank\">Arquitectura moderna en Asturias (1950-1965)<\/a><\/td>\n<\/tr>\n<tr>\n<td width=\"20\"><\/td>\n<td colspan=\"2\">\n\t\t<div id='gallery-11412' class='gallery carousel slide'> <div class='carousel-inner' data-interval='7000'><div class='item active'><img src='https:\/\/arquitecturadeasturias.com\/obras\/wp-content\/uploads\/2015\/05\/EXPO92040.jpg' \/><span class='gallery-caption'>Informes Construcci\u00f3n 140<\/span><\/div><div class='item'><img src='https:\/\/arquitecturadeasturias.com\/obras\/wp-content\/uploads\/2015\/05\/391964_187855821297374_673763204_n.jpg' \/><span class='gallery-caption'>Arquitectura moderna en Asturias<\/span><\/div><div class='item'><img src='https:\/\/arquitecturadeasturias.com\/obras\/wp-content\/uploads\/2015\/05\/EXPO92041.jpg' \/><span class='gallery-caption'>Informes Construcci\u00f3n 140. Detalle<\/span><\/div><div class='item'><img src='https:\/\/arquitecturadeasturias.com\/obras\/wp-content\/uploads\/2015\/05\/10420098_730200643729553_4946826376297747545_n.jpg' \/><span class='gallery-caption'>Arquitectura moderna en Asturias. Infograf\u00eda<\/span><\/div><div class='item'><img src='https:\/\/arquitecturadeasturias.com\/obras\/wp-content\/uploads\/2015\/05\/304159_183648781718078_320287732_n.jpg' \/><span class='gallery-caption'>Arquitectura moderna en Asturias. Estado actual<\/span><\/div> <\/div><div class=\"carousel-nav\"><ul><\/ul><\/div><a class=\"carousel-control left\" href=\"#gallery-11412\" data-slide=\"prev\"><i class=\"icon-chevron-left\"><\/i><\/a>\r\n        <a class=\"carousel-control right\" href=\"#gallery-11412\" data-slide=\"next\"><i class=\"icon-chevron-right\"><\/i><\/a><\/div><\/td>\n<\/tr>\n<tr>\n<td width=\"20\"><\/td>\n<td colspan=\"2\"><strong>Planos:\u00a0<\/strong><a href=\"http:\/\/informesdelaconstruccion.revistas.csic.es\/index.php\/informesdelaconstruccion\/index\" target=\"_blank\">Revista Informes de la Costrucci\u00f3n 140<\/a><\/td>\n<\/tr>\n<tr>\n<td width=\"20\"><\/td>\n<td colspan=\"2\">\n\t\t<div id='gallery-11411' class='gallery carousel slide'> <div class='carousel-inner' data-interval='7000'><div class='item active'><img src='https:\/\/arquitecturadeasturias.com\/obras\/wp-content\/uploads\/2015\/05\/EXPO92041-copia-2.jpg' \/><span class='gallery-caption'>Planta<\/span><\/div><div class='item'><img src='https:\/\/arquitecturadeasturias.com\/obras\/wp-content\/uploads\/2015\/05\/EXPO92042.jpg' \/><span class='gallery-caption'>Detalle del paraguas<\/span><\/div> <\/div><div class=\"carousel-nav\"><ul><\/ul><\/div><a class=\"carousel-control left\" href=\"#gallery-11411\" data-slide=\"prev\"><i class=\"icon-chevron-left\"><\/i><\/a>\r\n        <a class=\"carousel-control right\" href=\"#gallery-11411\" data-slide=\"next\"><i class=\"icon-chevron-right\"><\/i><\/a><\/div><\/td>\n<\/tr>\n<\/tbody>\n<\/table>\n<p>&nbsp;<\/p>\n","protected":false},"excerpt":{"rendered":"<p>Mariano Mar\u00edn Rodr\u00edguez-Rivas y Mariano Mar\u00edn de la Vi\u00f1a. Gij\u00f3n 1959. La imagen que hoy tenemos de esta estaci\u00f3n de servicio, dista bastante de la de modernidad que representaba en su momento con las estructuras de paraguas invertido que realizaban F\u00e9lix Candela o S\u00e1nchez del R\u00edo&#8230;<\/p>\n","protected":false},"author":2,"featured_media":1142,"comment_status":"closed","ping_status":"closed","sticky":false,"template":"","format":"standard","meta":[],"categories":[285,131],"tags":[],"yoast_head":"<!-- This site is optimized with the Yoast SEO plugin v19.4 - https:\/\/yoast.com\/wordpress\/plugins\/seo\/ -->\n<title>Antigua Gasolinera Mayfer (restos) - A-A<\/title>\n<meta name=\"robots\" content=\"index, follow, max-snippet:-1, max-image-preview:large, max-video-preview:-1\" \/>\n<link rel=\"canonical\" href=\"https:\/\/arquitecturadeasturias.com\/obras\/antigua-gasolinera-mayfer-modificado\/\" \/>\n<meta property=\"og:locale\" content=\"es_ES\" \/>\n<meta property=\"og:type\" content=\"article\" \/>\n<meta property=\"og:title\" content=\"Antigua Gasolinera Mayfer (restos) - A-A\" \/>\n<meta property=\"og:description\" content=\"Mariano Mar\u00edn Rodr\u00edguez-Rivas y Mariano Mar\u00edn de la Vi\u00f1a. Gij\u00f3n 1959. La imagen que hoy tenemos de esta estaci\u00f3n de servicio, dista bastante de la de modernidad que representaba en su momento con las estructuras de paraguas invertido que realizaban F\u00e9lix Candela o S\u00e1nchez del R\u00edo...\" \/>\n<meta property=\"og:url\" content=\"https:\/\/arquitecturadeasturias.com\/obras\/antigua-gasolinera-mayfer-modificado\/\" \/>\n<meta property=\"og:site_name\" content=\"A-A\" \/>\n<meta property=\"article:author\" content=\"https:\/\/www.facebook.com\/omarromaarquitecto\" \/>\n<meta property=\"article:published_time\" content=\"2015-05-14T17:00:35+00:00\" \/>\n<meta property=\"article:modified_time\" content=\"2015-05-14T16:25:50+00:00\" \/>\n<meta property=\"og:image\" content=\"https:\/\/arquitecturadeasturias.com\/obras\/wp-content\/uploads\/2015\/05\/EXPO92040-copia.jpg\" \/>\n\t<meta property=\"og:image:width\" content=\"770\" \/>\n\t<meta property=\"og:image:height\" content=\"205\" \/>\n\t<meta property=\"og:image:type\" content=\"image\/jpeg\" \/>\n<meta name=\"author\" content=\"Omar Ro.Ma.\" \/>\n<meta name=\"twitter:label1\" content=\"Escrito por\" \/>\n\t<meta name=\"twitter:data1\" content=\"Omar Ro.Ma.\" \/>\n\t<meta name=\"twitter:label2\" content=\"Tiempo de lectura\" \/>\n\t<meta name=\"twitter:data2\" content=\"2 minutos\" \/>\n<script type=\"application\/ld+json\" class=\"yoast-schema-graph\">{\"@context\":\"https:\/\/schema.org\",\"@graph\":[{\"@type\":\"WebSite\",\"@id\":\"https:\/\/arquitecturadeasturias.com\/obras\/#website\",\"url\":\"https:\/\/arquitecturadeasturias.com\/obras\/\",\"name\":\"A-A\",\"description\":\"Arquitectura de Asturias\",\"potentialAction\":[{\"@type\":\"SearchAction\",\"target\":{\"@type\":\"EntryPoint\",\"urlTemplate\":\"https:\/\/arquitecturadeasturias.com\/obras\/?s={search_term_string}\"},\"query-input\":\"required name=search_term_string\"}],\"inLanguage\":\"es\"},{\"@type\":\"WebPage\",\"@id\":\"https:\/\/arquitecturadeasturias.com\/obras\/antigua-gasolinera-mayfer-modificado\/\",\"url\":\"https:\/\/arquitecturadeasturias.com\/obras\/antigua-gasolinera-mayfer-modificado\/\",\"name\":\"Antigua Gasolinera Mayfer (restos) - A-A\",\"isPartOf\":{\"@id\":\"https:\/\/arquitecturadeasturias.com\/obras\/#website\"},\"datePublished\":\"2015-05-14T17:00:35+00:00\",\"dateModified\":\"2015-05-14T16:25:50+00:00\",\"author\":{\"@id\":\"https:\/\/arquitecturadeasturias.com\/obras\/#\/schema\/person\/1d538920d82be5ae5f33ba1b4984e1c5\"},\"breadcrumb\":{\"@id\":\"https:\/\/arquitecturadeasturias.com\/obras\/antigua-gasolinera-mayfer-modificado\/#breadcrumb\"},\"inLanguage\":\"es\",\"potentialAction\":[{\"@type\":\"ReadAction\",\"target\":[\"https:\/\/arquitecturadeasturias.com\/obras\/antigua-gasolinera-mayfer-modificado\/\"]}]},{\"@type\":\"BreadcrumbList\",\"@id\":\"https:\/\/arquitecturadeasturias.com\/obras\/antigua-gasolinera-mayfer-modificado\/#breadcrumb\",\"itemListElement\":[{\"@type\":\"ListItem\",\"position\":1,\"name\":\"Portada\",\"item\":\"https:\/\/arquitecturadeasturias.com\/obras\/\"},{\"@type\":\"ListItem\",\"position\":2,\"name\":\"Antigua Gasolinera Mayfer (restos)\"}]},{\"@type\":\"Person\",\"@id\":\"https:\/\/arquitecturadeasturias.com\/obras\/#\/schema\/person\/1d538920d82be5ae5f33ba1b4984e1c5\",\"name\":\"Omar Ro.Ma.\",\"image\":{\"@type\":\"ImageObject\",\"inLanguage\":\"es\",\"@id\":\"https:\/\/arquitecturadeasturias.com\/obras\/#\/schema\/person\/image\/\",\"url\":\"https:\/\/secure.gravatar.com\/avatar\/ed5c02d4ae8220a25cf9e96121bff318?s=96&d=identicon&r=g\",\"contentUrl\":\"https:\/\/secure.gravatar.com\/avatar\/ed5c02d4ae8220a25cf9e96121bff318?s=96&d=identicon&r=g\",\"caption\":\"Omar Ro.Ma.\"},\"description\":\"Arquitecto por la ETSAC (Escuela T\u00e9cnica Superior de Arquitectura de Coru\u00f1a), con el estudio Omar Ro.Ma. Arquitecto, adem\u00e1s de colaborador de arquitecturadegalicia.eu, fundador y organizador de arquitecturadeasturias.com. tiene estudio propio en Avil\u00e9s, Arquitectura Omar Ro.Ma.\",\"sameAs\":[\"http:\/\/www.omarroma.es\",\"https:\/\/www.facebook.com\/omarromaarquitecto\"],\"url\":\"https:\/\/arquitecturadeasturias.com\/obras\/author\/omar-roma\/\"}]}<\/script>\n<!-- \/ Yoast SEO plugin. -->","yoast_head_json":{"title":"Antigua Gasolinera Mayfer (restos) - A-A","robots":{"index":"index","follow":"follow","max-snippet":"max-snippet:-1","max-image-preview":"max-image-preview:large","max-video-preview":"max-video-preview:-1"},"canonical":"https:\/\/arquitecturadeasturias.com\/obras\/antigua-gasolinera-mayfer-modificado\/","og_locale":"es_ES","og_type":"article","og_title":"Antigua Gasolinera Mayfer (restos) - A-A","og_description":"Mariano Mar\u00edn Rodr\u00edguez-Rivas y Mariano Mar\u00edn de la Vi\u00f1a. Gij\u00f3n 1959. La imagen que hoy tenemos de esta estaci\u00f3n de servicio, dista bastante de la de modernidad que representaba en su momento con las estructuras de paraguas invertido que realizaban F\u00e9lix Candela o S\u00e1nchez del R\u00edo...","og_url":"https:\/\/arquitecturadeasturias.com\/obras\/antigua-gasolinera-mayfer-modificado\/","og_site_name":"A-A","article_author":"https:\/\/www.facebook.com\/omarromaarquitecto","article_published_time":"2015-05-14T17:00:35+00:00","article_modified_time":"2015-05-14T16:25:50+00:00","og_image":[{"width":770,"height":205,"url":"https:\/\/arquitecturadeasturias.com\/obras\/wp-content\/uploads\/2015\/05\/EXPO92040-copia.jpg","type":"image\/jpeg"}],"author":"Omar Ro.Ma.","twitter_misc":{"Escrito por":"Omar Ro.Ma.","Tiempo de lectura":"2 minutos"},"schema":{"@context":"https:\/\/schema.org","@graph":[{"@type":"WebSite","@id":"https:\/\/arquitecturadeasturias.com\/obras\/#website","url":"https:\/\/arquitecturadeasturias.com\/obras\/","name":"A-A","description":"Arquitectura de Asturias","potentialAction":[{"@type":"SearchAction","target":{"@type":"EntryPoint","urlTemplate":"https:\/\/arquitecturadeasturias.com\/obras\/?s={search_term_string}"},"query-input":"required name=search_term_string"}],"inLanguage":"es"},{"@type":"WebPage","@id":"https:\/\/arquitecturadeasturias.com\/obras\/antigua-gasolinera-mayfer-modificado\/","url":"https:\/\/arquitecturadeasturias.com\/obras\/antigua-gasolinera-mayfer-modificado\/","name":"Antigua Gasolinera Mayfer (restos) - A-A","isPartOf":{"@id":"https:\/\/arquitecturadeasturias.com\/obras\/#website"},"datePublished":"2015-05-14T17:00:35+00:00","dateModified":"2015-05-14T16:25:50+00:00","author":{"@id":"https:\/\/arquitecturadeasturias.com\/obras\/#\/schema\/person\/1d538920d82be5ae5f33ba1b4984e1c5"},"breadcrumb":{"@id":"https:\/\/arquitecturadeasturias.com\/obras\/antigua-gasolinera-mayfer-modificado\/#breadcrumb"},"inLanguage":"es","potentialAction":[{"@type":"ReadAction","target":["https:\/\/arquitecturadeasturias.com\/obras\/antigua-gasolinera-mayfer-modificado\/"]}]},{"@type":"BreadcrumbList","@id":"https:\/\/arquitecturadeasturias.com\/obras\/antigua-gasolinera-mayfer-modificado\/#breadcrumb","itemListElement":[{"@type":"ListItem","position":1,"name":"Portada","item":"https:\/\/arquitecturadeasturias.com\/obras\/"},{"@type":"ListItem","position":2,"name":"Antigua Gasolinera Mayfer (restos)"}]},{"@type":"Person","@id":"https:\/\/arquitecturadeasturias.com\/obras\/#\/schema\/person\/1d538920d82be5ae5f33ba1b4984e1c5","name":"Omar Ro.Ma.","image":{"@type":"ImageObject","inLanguage":"es","@id":"https:\/\/arquitecturadeasturias.com\/obras\/#\/schema\/person\/image\/","url":"https:\/\/secure.gravatar.com\/avatar\/ed5c02d4ae8220a25cf9e96121bff318?s=96&d=identicon&r=g","contentUrl":"https:\/\/secure.gravatar.com\/avatar\/ed5c02d4ae8220a25cf9e96121bff318?s=96&d=identicon&r=g","caption":"Omar Ro.Ma."},"description":"Arquitecto por la ETSAC (Escuela T\u00e9cnica Superior de Arquitectura de Coru\u00f1a), con el estudio Omar Ro.Ma. Arquitecto, adem\u00e1s de colaborador de arquitecturadegalicia.eu, fundador y organizador de arquitecturadeasturias.com. tiene estudio propio en Avil\u00e9s, Arquitectura Omar Ro.Ma.","sameAs":["http:\/\/www.omarroma.es","https:\/\/www.facebook.com\/omarromaarquitecto"],"url":"https:\/\/arquitecturadeasturias.com\/obras\/author\/omar-roma\/"}]}},"_links":{"self":[{"href":"https:\/\/arquitecturadeasturias.com\/obras\/wp-json\/wp\/v2\/posts\/1141"}],"collection":[{"href":"https:\/\/arquitecturadeasturias.com\/obras\/wp-json\/wp\/v2\/posts"}],"about":[{"href":"https:\/\/arquitecturadeasturias.com\/obras\/wp-json\/wp\/v2\/types\/post"}],"author":[{"embeddable":true,"href":"https:\/\/arquitecturadeasturias.com\/obras\/wp-json\/wp\/v2\/users\/2"}],"replies":[{"embeddable":true,"href":"https:\/\/arquitecturadeasturias.com\/obras\/wp-json\/wp\/v2\/comments?post=1141"}],"version-history":[{"count":4,"href":"https:\/\/arquitecturadeasturias.com\/obras\/wp-json\/wp\/v2\/posts\/1141\/revisions"}],"predecessor-version":[{"id":1181,"href":"https:\/\/arquitecturadeasturias.com\/obras\/wp-json\/wp\/v2\/posts\/1141\/revisions\/1181"}],"wp:featuredmedia":[{"embeddable":true,"href":"https:\/\/arquitecturadeasturias.com\/obras\/wp-json\/wp\/v2\/media\/1142"}],"wp:attachment":[{"href":"https:\/\/arquitecturadeasturias.com\/obras\/wp-json\/wp\/v2\/media?parent=1141"}],"wp:term":[{"taxonomy":"category","embeddable":true,"href":"https:\/\/arquitecturadeasturias.com\/obras\/wp-json\/wp\/v2\/categories?post=1141"},{"taxonomy":"post_tag","embeddable":true,"href":"https:\/\/arquitecturadeasturias.com\/obras\/wp-json\/wp\/v2\/tags?post=1141"}],"curies":[{"name":"wp","href":"https:\/\/api.w.org\/{rel}","templated":true}]}}