{"id":1225,"date":"2015-05-19T17:55:10","date_gmt":"2015-05-19T16:55:10","guid":{"rendered":"http:\/\/arquitecturadeasturias.com\/obras\/?p=1225"},"modified":"2015-05-19T13:46:21","modified_gmt":"2015-05-19T12:46:21","slug":"oficinas-uria","status":"publish","type":"post","link":"https:\/\/arquitecturadeasturias.com\/obras\/oficinas-uria\/","title":{"rendered":"Oficinas Ur\u00eda"},"content":{"rendered":"<p><a href=\"https:\/\/arquitecturadeasturias.com\/obras\/wp-content\/uploads\/2015\/05\/03-PAV\u00c9S-03-RETOCADA.jpg\"><img loading=\"lazy\" class=\"aligncenter size-full wp-image-1226\" src=\"https:\/\/arquitecturadeasturias.com\/obras\/wp-content\/uploads\/2015\/05\/03-PAV\u00c9S-03-RETOCADA.jpg\" alt=\"03 PAV\u00c9S 03 RETOCADA\" width=\"770\" height=\"1774\" \/><\/a><\/p>\n<p style=\"text-align: right;\"><a style=\"font-size: 0.75em; text-align: right;\" href=\"http:\/\/imagensubliminal.com\/?s=oviedo\" target=\"_blank\"><span style=\"color: #c0c0c0;\">Miguel de Guzm\u00e1n.<\/span><\/a><\/p>\n<table class=\"aligncenter\" border=\"0\" width=\"620\" cellspacing=\"0\" cellpadding=\"0\">\n<tbody>\n<tr>\n<td width=\"180\"><strong>Obra:<\/strong><\/td>\n<td>\u00a0Oficinas\u00a0Ur\u00eda<\/td>\n<\/tr>\n<tr>\n<td><strong>Arquitecto:<\/strong><\/td>\n<td>\u00a0Rafael Beneytez Dur\u00e1n, Z4Z4<\/td>\n<\/tr>\n<tr>\n<td><strong>Localidad:<\/strong><\/td>\n<td>\u00a0Oviedo<\/td>\n<\/tr>\n<tr>\n<td><strong>Ayuntamiento:<\/strong><\/td>\n<td>\u00a0Oviedo<\/td>\n<\/tr>\n<tr>\n<td><strong>A\u00f1o:<\/strong><\/td>\n<td>\u00a02007<\/td>\n<\/tr>\n<tr>\n<td><strong>Geolocalizaci\u00f3n:<\/strong><\/td>\n<td>\u00a0<a href=\"https:\/\/www.google.com\/fusiontables\/embedviz?q=select+col6+from+1InU4j1en-gRMKYhwLG5Jml-HUrpJQ44KqowJKWPY+where+col2+%3D+'Rafael+Beneytez+Dur%C3%A1n'&amp;viz=MAP&amp;h=false&amp;lat=43.36512787842136&amp;lng=-5.8527450417996025&amp;t=1&amp;z=20&amp;l=col6&amp;y=2&amp;tmplt=3&amp;hml=GEOCODABLE\" target=\"_blank\"><strong>3.365-5.852<\/strong><\/a><\/td>\n<\/tr>\n<\/tbody>\n<\/table>\n<table class=\" aligncenter\" border=\"0\" width=\"620\" cellspacing=\"0\" cellpadding=\"0\">\n<tbody>\n<tr>\n<td colspan=\"3\"><strong>Otros Datos:<\/strong><\/td>\n<\/tr>\n<tr>\n<td width=\"20\"><\/td>\n<td colspan=\"2\"><strong>Premios:<\/strong><\/td>\n<\/tr>\n<tr>\n<td width=\"20\"><\/td>\n<td width=\"20\"><\/td>\n<td width=\"580\"><\/td>\n<\/tr>\n<tr>\n<td width=\"20\"><\/td>\n<td colspan=\"2\"><strong>Publicaciones:<\/strong><\/td>\n<\/tr>\n<tr>\n<td width=\"20\"><\/td>\n<td width=\"20\"><\/td>\n<td><\/td>\n<\/tr>\n<tr>\n<td width=\"20\"><\/td>\n<td colspan=\"2\"><strong>Informaci\u00f3n en la\u00a0red:<\/strong><\/td>\n<\/tr>\n<tr>\n<td width=\"20\"><\/td>\n<td width=\"20\"><\/td>\n<td>\n<ul>\n<li><a href=\"http:\/\/z4z4.es\/blog\/oficinas-uria\/\" target=\"_blank\"><strong>z4z4<\/strong><\/a><\/li>\n<\/ul>\n<\/td>\n<\/tr>\n<tr>\n<td width=\"20\"><\/td>\n<td colspan=\"2\"><strong>Descripci\u00f3n del proyecto:<\/strong><\/td>\n<\/tr>\n<tr>\n<td width=\"20\"><\/td>\n<td width=\"20\"><\/td>\n<td>El proyecto surge de la necesidad de ampliar un edifico protegido por patrimonio en la Calle Ur\u00eda para destinarlo a el uso de oficinas.El edifico en cuesti\u00f3n fue proyectado hacia\u00a01919 por Julio Gal\u00e1n en ladrillo y forjados de madera, constaba de planta baja, primera y s\u00f3tano, a las que Casariego a\u00f1adir\u00eda\u00a0en los a\u00f1os 50 tres plantas m\u00e1s y un torre\u00f3n que acent\u00faa su condici\u00f3n de edificio en esquina. En dicha operaci\u00f3n se tiene que reforzar el edificio con estructuras met\u00e1licas roblonadas y de hormig\u00f3n.La construcci\u00f3n de los edificios vecinos, de mayor altura adem\u00e1s de romper la continuidad de la cornisa generaron una medianera ciega de gran impacto sobre el paisaje urbano.Con estos precedentes, el objetivo del proyecto se convierte en conseguir una unidad volum\u00e9trica y hacer una diferenciaci\u00f3n material entre los dos tiempos.<\/p>\n<p>Se siguen\u00a0las leyes compositivas del la parte hist\u00f3rica, retranqueando el nuevo volumen para diferenciarlo y enmarcar la independencia del torre\u00f3n. El edificio existente, sigue teniendo su autonom\u00eda y el nuevo completa la manzana en el sentido de la Calle Ur\u00eda y cae de manera escalonada\u00a0hacia la Calle Fray Ceferino.<\/p>\n<p>La construcci\u00f3n del nuevo volumen se realiza con pav\u00e9s y estructura met\u00e1lica, as\u00ed, la materia se convierte en reflejo de cada\u00a0\u00e9poca adem\u00e1s de\u00a0conseguir cierta des-materializaci\u00f3n visual del volumen.<\/p>\n<p>La contemporaneidad del nuevo volumen se traslada tambi\u00e9n al interior, desliz\u00e1ndose por el patio interior hasta la planta s\u00f3tano, consiguiendo una integraci\u00f3n total entre\u00a0ambas \u00e9pocas.<\/td>\n<\/tr>\n<tr>\n<td width=\"20\"><\/td>\n<td colspan=\"2\"><b>Reportaje fotogr\u00e1fico:\u00a0<\/b><a href=\"http:\/\/imagensubliminal.com\/?s=oviedo\" target=\"_blank\">Miguel de Guzm\u00e1n<\/a><\/td>\n<\/tr>\n<tr>\n<td width=\"20\"><\/td>\n<td colspan=\"2\">\n\t\t<div id='gallery-122514' class='gallery carousel slide'> <div class='carousel-inner' data-interval='7000'><div class='item active'><img src='https:\/\/arquitecturadeasturias.com\/obras\/wp-content\/uploads\/2015\/05\/PORTADA-2.jpg' \/><span class='gallery-caption'><\/span><\/div><div class='item'><img src='https:\/\/arquitecturadeasturias.com\/obras\/wp-content\/uploads\/2015\/05\/IM\u00c1GENES-4.jpg' \/><span class='gallery-caption'><\/span><\/div><div class='item'><img src='https:\/\/arquitecturadeasturias.com\/obras\/wp-content\/uploads\/2015\/05\/PORTADA-32.jpg' \/><span class='gallery-caption'><\/span><\/div><div class='item'><img src='https:\/\/arquitecturadeasturias.com\/obras\/wp-content\/uploads\/2015\/05\/IM\u00c1GENES-3.jpg' \/><span class='gallery-caption'><\/span><\/div><div class='item'><img src='https:\/\/arquitecturadeasturias.com\/obras\/wp-content\/uploads\/2015\/05\/IM\u00c1GENES-11.jpg' \/><span class='gallery-caption'><\/span><\/div><div class='item'><img src='https:\/\/arquitecturadeasturias.com\/obras\/wp-content\/uploads\/2015\/05\/PORTADA-31.jpg' \/><span class='gallery-caption'><\/span><\/div><div class='item'><img src='https:\/\/arquitecturadeasturias.com\/obras\/wp-content\/uploads\/2015\/05\/IM\u00c1GENES-1.jpg' \/><span class='gallery-caption'><\/span><\/div><div class='item'><img src='https:\/\/arquitecturadeasturias.com\/obras\/wp-content\/uploads\/2015\/05\/IM\u00c1GENES-2.jpg' \/><span class='gallery-caption'><\/span><\/div><div class='item'><img src='https:\/\/arquitecturadeasturias.com\/obras\/wp-content\/uploads\/2015\/05\/PORTADA-3.jpg' \/><span class='gallery-caption'><\/span><\/div><div class='item'><img src='https:\/\/arquitecturadeasturias.com\/obras\/wp-content\/uploads\/2015\/05\/IM\u00c1GENES-5.jpg' \/><span class='gallery-caption'><\/span><\/div> <\/div><div class=\"carousel-nav\"><ul><\/ul><\/div><a class=\"carousel-control left\" href=\"#gallery-122514\" data-slide=\"prev\"><i class=\"icon-chevron-left\"><\/i><\/a>\r\n        <a class=\"carousel-control right\" href=\"#gallery-122514\" data-slide=\"next\"><i class=\"icon-chevron-right\"><\/i><\/a><\/div><\/td>\n<\/tr>\n<tr>\n<td width=\"20\"><\/td>\n<td colspan=\"2\"><strong>Planos: <\/strong>Rafael Beneytez<\/td>\n<\/tr>\n<tr>\n<td width=\"20\"><\/td>\n<td colspan=\"2\">\n\t\t<div id='gallery-12259' class='gallery carousel slide'> <div class='carousel-inner' data-interval='7000'><div class='item active'><img src='https:\/\/arquitecturadeasturias.com\/obras\/wp-content\/uploads\/2015\/05\/PORTADA-1.jpg' \/><span class='gallery-caption'><\/span><\/div><div class='item'><img src='https:\/\/arquitecturadeasturias.com\/obras\/wp-content\/uploads\/2015\/05\/02-FACHADA-RECORTADA.jpg' \/><span class='gallery-caption'><\/span><\/div><div class='item'><img src='https:\/\/arquitecturadeasturias.com\/obras\/wp-content\/uploads\/2015\/05\/ALZADOS-DESPLEGADOS2.jpg' \/><span class='gallery-caption'><\/span><\/div><div class='item'><img src='https:\/\/arquitecturadeasturias.com\/obras\/wp-content\/uploads\/2015\/05\/ALZADOS-DESPLEGADOS.jpg' \/><span class='gallery-caption'><\/span><\/div><div class='item'><img src='https:\/\/arquitecturadeasturias.com\/obras\/wp-content\/uploads\/2015\/05\/PLANTAS-CONSTRUIDAS1.jpg' \/><span class='gallery-caption'><\/span><\/div><div class='item'><img src='https:\/\/arquitecturadeasturias.com\/obras\/wp-content\/uploads\/2015\/05\/PLANTAS-CONSTRUIDAS3.jpg' \/><span class='gallery-caption'><\/span><\/div><div class='item'><img src='https:\/\/arquitecturadeasturias.com\/obras\/wp-content\/uploads\/2015\/05\/PLANTAS-CONSTRUIDAS2.jpg' \/><span class='gallery-caption'><\/span><\/div><div class='item'><img src='https:\/\/arquitecturadeasturias.com\/obras\/wp-content\/uploads\/2015\/05\/PLANTAS-CONSTRUIDAS4.jpg' \/><span class='gallery-caption'><\/span><\/div><div class='item'><img src='https:\/\/arquitecturadeasturias.com\/obras\/wp-content\/uploads\/2015\/05\/IM\u00c1GENES-55.jpg' \/><span class='gallery-caption'><\/span><\/div><div class='item'><img src='https:\/\/arquitecturadeasturias.com\/obras\/wp-content\/uploads\/2015\/05\/PORTADA-4.jpg' \/><span class='gallery-caption'><\/span><\/div> <\/div><div class=\"carousel-nav\"><ul><\/ul><\/div><a class=\"carousel-control left\" href=\"#gallery-12259\" data-slide=\"prev\"><i class=\"icon-chevron-left\"><\/i><\/a>\r\n        <a class=\"carousel-control right\" href=\"#gallery-12259\" data-slide=\"next\"><i class=\"icon-chevron-right\"><\/i><\/a><\/div><\/td>\n<\/tr>\n<\/tbody>\n<\/table>\n","protected":false},"excerpt":{"rendered":"<p>Miguel de Guzm\u00e1n. Obra: \u00a0Oficinas\u00a0Ur\u00eda Arquitecto: \u00a0Rafael Beneytez Dur\u00e1n, Z4Z4 Localidad: \u00a0Oviedo Ayuntamiento: \u00a0Oviedo A\u00f1o: \u00a02007 Geolocalizaci\u00f3n: \u00a03.365-5.852 Otros Datos: Premios: Publicaciones: Informaci\u00f3n en la\u00a0red: z4z4 Descripci\u00f3n del proyecto: El proyecto surge de la necesidad de ampliar un edifico protegido por patrimonio en la Calle Ur\u00eda para destinarlo a el uso de oficinas.El edifico en<a href=\"https:\/\/arquitecturadeasturias.com\/obras\/oficinas-uria\/\" title=\"Read more\" >&#8230;<\/a><\/p>\n","protected":false},"author":8,"featured_media":1226,"comment_status":"closed","ping_status":"closed","sticky":false,"template":"","format":"standard","meta":[],"categories":[123],"tags":[],"yoast_head":"<!-- This site is optimized with the Yoast SEO plugin v19.4 - https:\/\/yoast.com\/wordpress\/plugins\/seo\/ -->\n<title>Oficinas Ur\u00eda - A-A<\/title>\n<meta name=\"robots\" content=\"index, follow, max-snippet:-1, max-image-preview:large, max-video-preview:-1\" \/>\n<link rel=\"canonical\" href=\"https:\/\/arquitecturadeasturias.com\/obras\/oficinas-uria\/\" \/>\n<meta property=\"og:locale\" content=\"es_ES\" \/>\n<meta property=\"og:type\" content=\"article\" \/>\n<meta property=\"og:title\" content=\"Oficinas Ur\u00eda - A-A\" \/>\n<meta property=\"og:description\" content=\"Miguel de Guzm\u00e1n. Obra: \u00a0Oficinas\u00a0Ur\u00eda Arquitecto: \u00a0Rafael Beneytez Dur\u00e1n, Z4Z4 Localidad: \u00a0Oviedo Ayuntamiento: \u00a0Oviedo A\u00f1o: \u00a02007 Geolocalizaci\u00f3n: \u00a03.365-5.852 Otros Datos: Premios: Publicaciones: Informaci\u00f3n en la\u00a0red: z4z4 Descripci\u00f3n del proyecto: El proyecto surge de la necesidad de ampliar un edifico protegido por patrimonio en la Calle Ur\u00eda para destinarlo a el uso de oficinas.El edifico en...\" \/>\n<meta property=\"og:url\" content=\"https:\/\/arquitecturadeasturias.com\/obras\/oficinas-uria\/\" \/>\n<meta property=\"og:site_name\" content=\"A-A\" \/>\n<meta property=\"article:published_time\" content=\"2015-05-19T16:55:10+00:00\" \/>\n<meta property=\"article:modified_time\" content=\"2015-05-19T12:46:21+00:00\" \/>\n<meta property=\"og:image\" content=\"https:\/\/arquitecturadeasturias.com\/obras\/wp-content\/uploads\/2015\/05\/03-PAV\u00c9S-03-RETOCADA.jpg\" \/>\n\t<meta property=\"og:image:width\" content=\"770\" \/>\n\t<meta property=\"og:image:height\" content=\"1774\" \/>\n\t<meta property=\"og:image:type\" content=\"image\/jpeg\" \/>\n<meta name=\"author\" content=\"Andrea Alvarez\" \/>\n<meta name=\"twitter:label1\" content=\"Escrito por\" \/>\n\t<meta name=\"twitter:data1\" content=\"Andrea Alvarez\" \/>\n\t<meta name=\"twitter:label2\" content=\"Tiempo de lectura\" \/>\n\t<meta name=\"twitter:data2\" content=\"2 minutos\" \/>\n<script type=\"application\/ld+json\" class=\"yoast-schema-graph\">{\"@context\":\"https:\/\/schema.org\",\"@graph\":[{\"@type\":\"WebSite\",\"@id\":\"https:\/\/arquitecturadeasturias.com\/obras\/#website\",\"url\":\"https:\/\/arquitecturadeasturias.com\/obras\/\",\"name\":\"A-A\",\"description\":\"Arquitectura de Asturias\",\"potentialAction\":[{\"@type\":\"SearchAction\",\"target\":{\"@type\":\"EntryPoint\",\"urlTemplate\":\"https:\/\/arquitecturadeasturias.com\/obras\/?s={search_term_string}\"},\"query-input\":\"required name=search_term_string\"}],\"inLanguage\":\"es\"},{\"@type\":\"WebPage\",\"@id\":\"https:\/\/arquitecturadeasturias.com\/obras\/oficinas-uria\/\",\"url\":\"https:\/\/arquitecturadeasturias.com\/obras\/oficinas-uria\/\",\"name\":\"Oficinas Ur\u00eda - A-A\",\"isPartOf\":{\"@id\":\"https:\/\/arquitecturadeasturias.com\/obras\/#website\"},\"datePublished\":\"2015-05-19T16:55:10+00:00\",\"dateModified\":\"2015-05-19T12:46:21+00:00\",\"author\":{\"@id\":\"https:\/\/arquitecturadeasturias.com\/obras\/#\/schema\/person\/f37b95bfa9cd48bf065b37227259101e\"},\"breadcrumb\":{\"@id\":\"https:\/\/arquitecturadeasturias.com\/obras\/oficinas-uria\/#breadcrumb\"},\"inLanguage\":\"es\",\"potentialAction\":[{\"@type\":\"ReadAction\",\"target\":[\"https:\/\/arquitecturadeasturias.com\/obras\/oficinas-uria\/\"]}]},{\"@type\":\"BreadcrumbList\",\"@id\":\"https:\/\/arquitecturadeasturias.com\/obras\/oficinas-uria\/#breadcrumb\",\"itemListElement\":[{\"@type\":\"ListItem\",\"position\":1,\"name\":\"Portada\",\"item\":\"https:\/\/arquitecturadeasturias.com\/obras\/\"},{\"@type\":\"ListItem\",\"position\":2,\"name\":\"Oficinas Ur\u00eda\"}]},{\"@type\":\"Person\",\"@id\":\"https:\/\/arquitecturadeasturias.com\/obras\/#\/schema\/person\/f37b95bfa9cd48bf065b37227259101e\",\"name\":\"Andrea Alvarez\",\"image\":{\"@type\":\"ImageObject\",\"inLanguage\":\"es\",\"@id\":\"https:\/\/arquitecturadeasturias.com\/obras\/#\/schema\/person\/image\/\",\"url\":\"https:\/\/secure.gravatar.com\/avatar\/60c3fd73dbf85a6417e2c19c1dbd5df2?s=96&d=identicon&r=g\",\"contentUrl\":\"https:\/\/secure.gravatar.com\/avatar\/60c3fd73dbf85a6417e2c19c1dbd5df2?s=96&d=identicon&r=g\",\"caption\":\"Andrea Alvarez\"},\"url\":\"https:\/\/arquitecturadeasturias.com\/obras\/author\/andrea-alvarez\/\"}]}<\/script>\n<!-- \/ Yoast SEO plugin. -->","yoast_head_json":{"title":"Oficinas Ur\u00eda - A-A","robots":{"index":"index","follow":"follow","max-snippet":"max-snippet:-1","max-image-preview":"max-image-preview:large","max-video-preview":"max-video-preview:-1"},"canonical":"https:\/\/arquitecturadeasturias.com\/obras\/oficinas-uria\/","og_locale":"es_ES","og_type":"article","og_title":"Oficinas Ur\u00eda - A-A","og_description":"Miguel de Guzm\u00e1n. Obra: \u00a0Oficinas\u00a0Ur\u00eda Arquitecto: \u00a0Rafael Beneytez Dur\u00e1n, Z4Z4 Localidad: \u00a0Oviedo Ayuntamiento: \u00a0Oviedo A\u00f1o: \u00a02007 Geolocalizaci\u00f3n: \u00a03.365-5.852 Otros Datos: Premios: Publicaciones: Informaci\u00f3n en la\u00a0red: z4z4 Descripci\u00f3n del proyecto: El proyecto surge de la necesidad de ampliar un edifico protegido por patrimonio en la Calle Ur\u00eda para destinarlo a el uso de oficinas.El edifico en...","og_url":"https:\/\/arquitecturadeasturias.com\/obras\/oficinas-uria\/","og_site_name":"A-A","article_published_time":"2015-05-19T16:55:10+00:00","article_modified_time":"2015-05-19T12:46:21+00:00","og_image":[{"width":770,"height":1774,"url":"https:\/\/arquitecturadeasturias.com\/obras\/wp-content\/uploads\/2015\/05\/03-PAV\u00c9S-03-RETOCADA.jpg","type":"image\/jpeg"}],"author":"Andrea Alvarez","twitter_misc":{"Escrito por":"Andrea Alvarez","Tiempo de lectura":"2 minutos"},"schema":{"@context":"https:\/\/schema.org","@graph":[{"@type":"WebSite","@id":"https:\/\/arquitecturadeasturias.com\/obras\/#website","url":"https:\/\/arquitecturadeasturias.com\/obras\/","name":"A-A","description":"Arquitectura de Asturias","potentialAction":[{"@type":"SearchAction","target":{"@type":"EntryPoint","urlTemplate":"https:\/\/arquitecturadeasturias.com\/obras\/?s={search_term_string}"},"query-input":"required name=search_term_string"}],"inLanguage":"es"},{"@type":"WebPage","@id":"https:\/\/arquitecturadeasturias.com\/obras\/oficinas-uria\/","url":"https:\/\/arquitecturadeasturias.com\/obras\/oficinas-uria\/","name":"Oficinas Ur\u00eda - A-A","isPartOf":{"@id":"https:\/\/arquitecturadeasturias.com\/obras\/#website"},"datePublished":"2015-05-19T16:55:10+00:00","dateModified":"2015-05-19T12:46:21+00:00","author":{"@id":"https:\/\/arquitecturadeasturias.com\/obras\/#\/schema\/person\/f37b95bfa9cd48bf065b37227259101e"},"breadcrumb":{"@id":"https:\/\/arquitecturadeasturias.com\/obras\/oficinas-uria\/#breadcrumb"},"inLanguage":"es","potentialAction":[{"@type":"ReadAction","target":["https:\/\/arquitecturadeasturias.com\/obras\/oficinas-uria\/"]}]},{"@type":"BreadcrumbList","@id":"https:\/\/arquitecturadeasturias.com\/obras\/oficinas-uria\/#breadcrumb","itemListElement":[{"@type":"ListItem","position":1,"name":"Portada","item":"https:\/\/arquitecturadeasturias.com\/obras\/"},{"@type":"ListItem","position":2,"name":"Oficinas Ur\u00eda"}]},{"@type":"Person","@id":"https:\/\/arquitecturadeasturias.com\/obras\/#\/schema\/person\/f37b95bfa9cd48bf065b37227259101e","name":"Andrea Alvarez","image":{"@type":"ImageObject","inLanguage":"es","@id":"https:\/\/arquitecturadeasturias.com\/obras\/#\/schema\/person\/image\/","url":"https:\/\/secure.gravatar.com\/avatar\/60c3fd73dbf85a6417e2c19c1dbd5df2?s=96&d=identicon&r=g","contentUrl":"https:\/\/secure.gravatar.com\/avatar\/60c3fd73dbf85a6417e2c19c1dbd5df2?s=96&d=identicon&r=g","caption":"Andrea Alvarez"},"url":"https:\/\/arquitecturadeasturias.com\/obras\/author\/andrea-alvarez\/"}]}},"_links":{"self":[{"href":"https:\/\/arquitecturadeasturias.com\/obras\/wp-json\/wp\/v2\/posts\/1225"}],"collection":[{"href":"https:\/\/arquitecturadeasturias.com\/obras\/wp-json\/wp\/v2\/posts"}],"about":[{"href":"https:\/\/arquitecturadeasturias.com\/obras\/wp-json\/wp\/v2\/types\/post"}],"author":[{"embeddable":true,"href":"https:\/\/arquitecturadeasturias.com\/obras\/wp-json\/wp\/v2\/users\/8"}],"replies":[{"embeddable":true,"href":"https:\/\/arquitecturadeasturias.com\/obras\/wp-json\/wp\/v2\/comments?post=1225"}],"version-history":[{"count":6,"href":"https:\/\/arquitecturadeasturias.com\/obras\/wp-json\/wp\/v2\/posts\/1225\/revisions"}],"predecessor-version":[{"id":1269,"href":"https:\/\/arquitecturadeasturias.com\/obras\/wp-json\/wp\/v2\/posts\/1225\/revisions\/1269"}],"wp:featuredmedia":[{"embeddable":true,"href":"https:\/\/arquitecturadeasturias.com\/obras\/wp-json\/wp\/v2\/media\/1226"}],"wp:attachment":[{"href":"https:\/\/arquitecturadeasturias.com\/obras\/wp-json\/wp\/v2\/media?parent=1225"}],"wp:term":[{"taxonomy":"category","embeddable":true,"href":"https:\/\/arquitecturadeasturias.com\/obras\/wp-json\/wp\/v2\/categories?post=1225"},{"taxonomy":"post_tag","embeddable":true,"href":"https:\/\/arquitecturadeasturias.com\/obras\/wp-json\/wp\/v2\/tags?post=1225"}],"curies":[{"name":"wp","href":"https:\/\/api.w.org\/{rel}","templated":true}]}}