{"id":239,"date":"2015-03-16T18:00:51","date_gmt":"2015-03-16T17:00:51","guid":{"rendered":"http:\/\/arquitecturadeasturias.com\/obras\/?p=239"},"modified":"2015-03-16T16:39:21","modified_gmt":"2015-03-16T15:39:21","slug":"tinglados-en-el-puerto-de-aviles","status":"publish","type":"post","link":"https:\/\/arquitecturadeasturias.com\/obras\/tinglados-en-el-puerto-de-aviles\/","title":{"rendered":"Tinglados en el Puerto de Avil\u00e9s"},"content":{"rendered":"<p><a href=\"https:\/\/arquitecturadeasturias.com\/obras\/wp-content\/uploads\/2015\/03\/Fot\u00f3grafa-de-arquitectura-Mariela-Apollonio-Docks-Aviles-Port-baraga\u00f1o-02.jpg\"><img loading=\"lazy\" class=\"aligncenter wp-image-242 size-full\" src=\"https:\/\/arquitecturadeasturias.com\/obras\/wp-content\/uploads\/2015\/03\/Fot\u00f3grafa-de-arquitectura-Mariela-Apollonio-Docks-Aviles-Port-baraga\u00f1o-02.jpg\" alt=\"Fot\u00f3grafa-de-arquitectura-Mariela-Apollonio-Docks-Aviles-Port-baraga\u00f1o-02\" width=\"770\" height=\"562\" \/><\/a><\/p>\n<p style=\"text-align: right;\"><a href=\"http:\/\/fotografadearquitectura.com\/docks-aviles-port-spain-2\/\" target=\"_blank\"><span style=\"color: #c0c0c0;\">Mariela Apollonio.<\/span><\/a><\/p>\n<table class=\"aligncenter\" border=\"0\" width=\"620\" cellspacing=\"0\" cellpadding=\"0\">\n<tbody>\n<tr>\n<td width=\"180\"><strong>Obra:<\/strong><\/td>\n<td>\u00a0Tinglados en el Puerto de Avil\u00e9s<\/td>\n<\/tr>\n<tr>\n<td><strong>Arquitecto:<\/strong><\/td>\n<td>\u00a0[baraga\u00f1o]<\/td>\n<\/tr>\n<tr>\n<td><strong>Localidad:<\/strong><\/td>\n<td>\u00a0Avil\u00e9s<\/td>\n<\/tr>\n<tr>\n<td><strong>Ayuntamiento:<\/strong><\/td>\n<td>\u00a0Avil\u00e9s<\/td>\n<\/tr>\n<tr>\n<td><strong>A\u00f1o:<\/strong><\/td>\n<td>\u00a02008<\/td>\n<\/tr>\n<tr>\n<td><strong>Geolocalizaci\u00f3n:<\/strong><\/td>\n<td><strong>\u00a0<a href=\"https:\/\/www.google.com\/fusiontables\/embedviz?q=select+col6+from+1InU4j1en-gRMKYhwLG5Jml-HUrpJQ44KqowJKWPY+where+col2+%3D+'%5Bbaraga%C3%B1o%5D'&amp;viz=MAP&amp;h=false&amp;lat=43.56238446991629&amp;lng=-5.916922096971575&amp;t=1&amp;z=21&amp;l=col6&amp;y=2&amp;tmplt=3&amp;hml=TWO_COL_LAT_LNG\" target=\"_blank\">43.562, -5.916<\/a><\/strong><\/td>\n<\/tr>\n<\/tbody>\n<\/table>\n<table class=\" aligncenter\" border=\"0\" width=\"620\" cellspacing=\"0\" cellpadding=\"0\">\n<tbody>\n<tr>\n<td colspan=\"3\"><strong>Otros Datos:<\/strong><\/td>\n<\/tr>\n<tr>\n<td width=\"20\"><\/td>\n<td colspan=\"2\"><strong>Premios:<\/strong><\/td>\n<\/tr>\n<tr>\n<td width=\"20\"><\/td>\n<td width=\"20\"><\/td>\n<td width=\"580\"><\/td>\n<\/tr>\n<tr>\n<td width=\"20\"><\/td>\n<td colspan=\"2\"><strong>Publicaciones:<\/strong><\/td>\n<\/tr>\n<tr>\n<td width=\"20\"><\/td>\n<td width=\"20\"><\/td>\n<td><\/td>\n<\/tr>\n<tr>\n<td width=\"20\"><\/td>\n<td colspan=\"2\"><strong>Informaci\u00f3n en la\u00a0red:<\/strong><\/td>\n<\/tr>\n<tr>\n<td width=\"20\"><\/td>\n<td width=\"20\"><\/td>\n<td>\n<ul>\n<li><strong><a href=\"http:\/\/www.barchitects.eu\/w-pro03.html\" target=\"_blank\">[baraga\u00f1o]<\/a><\/strong><\/li>\n<li><strong><a href=\"http:\/\/www.archilovers.com\/projects\/91016\/tinglados-en-el-puerto-de-avil%C3%A9s.html\" target=\"_blank\">archilovers<\/a><\/strong><\/li>\n<li><strong><a href=\"http:\/\/divisare.com\/projects\/192695--baraga-o--Tinglados-en-el-Puerto-de-Avil-s\" target=\"_blank\">divisare<\/a><\/strong><\/li>\n<\/ul>\n<\/td>\n<\/tr>\n<tr>\n<td width=\"20\"><\/td>\n<td colspan=\"2\"><strong>Descripci\u00f3n del proyecto:<\/strong><\/td>\n<\/tr>\n<tr>\n<td width=\"20\"><\/td>\n<td width=\"20\"><\/td>\n<td>\n<p class=\"parrafolistas\">\u00abUn emplazamiento privilegiado en la R\u00eda de Avil\u00e9s, frente a la ciudad, en la d\u00e1rsena de San Agust\u00edn, un paisaje industrial, entre gr\u00faas y con la factor\u00eda de ArcelorMittal como tel\u00f3n de fondo.<\/p>\n<p class=\"parrafolistas\">Ante el r\u00e1pido desarrolo que est\u00e1 sufriendo la ciudad asturiana, el Nuevo plan para la R\u00eda (Isla de la Innovaci\u00f3n), la presencia del edificio del premio Pritzker \u00d3scar Niemeyer, se nos invita a proponer una alternativa a un proyecto existente, una nave industrial convencional con cubierta a dos aguas y 120 metros de fachada frente a la ciudad, ese era el punto de partida.<\/p>\n<p class=\"parrafolistas\">Inmediatamente comenzamos a investigar en el concepto de Tinglados, antiguas y sencillas construcciones portuarias, se destinar\u00e1n al almecenamiento de material que se produce en la\u00a0 factor\u00eda de ArcelorMittal y que mediante ferrocarril o camion se transporta hasta el Nuevo edificio para ser cargado en barcos y as\u00ed enviado a diferentes partes del planeta.<\/p>\n<p class=\"parrafolistas\">Surge la idea de los contenedores, una imagen portuaria presente en la retina de la gente. Los contenedores forman las fachadas y la cubierta, fragmentando el edificio en p\u00edxeles de color que tartan de integrar la obra de grandes dimensiones en el lugar, dotando a la zona de movimiento, de color y de una cuidada iluminaci\u00f3n nocturna.<\/p>\n<p class=\"parrafolistas\">La elecci\u00f3n de la gama de colores, no nace \u00fanicamente de la inmediata asociaci\u00f3n con la imagen corporative de ambas compa\u00f1\u00edas, sino tambi\u00e9n de una intenci\u00f3n de relaci\u00f3n con los pol\u00edgonos industriales que se encuentran en la zona y de tartar de utilizar colores que hist\u00f3ricamente se han utilizado en la construcci\u00f3n de naves industriales, pero tratados y combinados de una forma diferente.<\/p>\n<p class=\"parrafolistas\">Sobre un z\u00f3calo oscuro, met\u00e1lico, construido como si de un casco de barco se tartara, surge la torre, un sutil faro que se eleva entre el paisaje, dialogando con gr\u00faas y chimeneas, rompiendo de nuevo la continuidad de la fachada. Este elemento alojar\u00e1 los logotipos de las empresas que utilizar\u00e1n el edificio y sirve de l\u00edmite con la cubierta, que se convierte en una quinta fachada del edificio y que sirve de referencia desde el aire, desde los aviones que aterrizan o despegan en el cercano Aeropuerto de Asturias.<\/p>\n<p class=\"parrafolistas\">Los Tinglados, se construyen \u00edntegramente con acero, tanto estructura, como las pieles exteriores, fachadas y cubierta. As\u00ed lo demanda el programa, la tradici\u00f3n del lugar y los usuarios del edificio, ArcelorMittal [primer productor mundial de acero] y AGP [Actividades Generales Portuarias] empresa que gestiona el transporte en el Puerto de Avil\u00e9s.<\/p>\n<p class=\"parrafolistas\">En la construcci\u00f3n de los Tinglados, se ha planteado una utilizaci\u00f3n l\u00f3gica y racional del material, de la forma de construir. Todos los elementos son producidos en las f\u00e1bricas cercanas de ArcelorMittal, cien por cien desmontable y reciclable, ya que se trata de una estructura met\u00e1lica atornillada. As\u00ed mismo como un alto porcentaje de material reciclado en su composici\u00f3n, por encima del setenta por ciento, ya que se produce por el sistema de horno el\u00e9ctrico.<\/p>\n<p class=\"parrafolistas\">[Si quieres construir un barco, no empieces por buscar madera, cortar tablas o distribuir el trabajo, sino que primero has de evocar en los hombres el anhelo de mar libre y ancho.\u00a0<em>Antoine de Saint Exupery<\/em>] \u00bb \u00a6\u00a0 \u00a0baraga\u00f1o arquitectos.<\/p>\n<\/td>\n<\/tr>\n<tr>\n<td width=\"20\"><\/td>\n<td colspan=\"2\"><b>Reportaje fotogr\u00e1fico:<\/b><\/td>\n<\/tr>\n<tr>\n<td width=\"20\"><\/td>\n<td colspan=\"2\"><\/td>\n<\/tr>\n<tr>\n<td width=\"20\"><\/td>\n<td colspan=\"2\"><strong>Planos: <\/strong><a href=\"http:\/\/divisare.com\/projects\/192695--baraga-o--Tinglados-en-el-Puerto-de-Avil-s\" target=\"_blank\">divisare.com<\/a><\/td>\n<\/tr>\n<tr>\n<td width=\"20\"><\/td>\n<td colspan=\"2\"><a href=\"https:\/\/arquitecturadeasturias.com\/obras\/wp-content\/uploads\/2015\/03\/es1.jpg\"><img loading=\"lazy\" class=\"aligncenter size-full wp-image-244\" src=\"https:\/\/arquitecturadeasturias.com\/obras\/wp-content\/uploads\/2015\/03\/es1.jpg\" alt=\"es1\" width=\"590\" height=\"153\" \/><\/a> <a href=\"https:\/\/arquitecturadeasturias.com\/obras\/wp-content\/uploads\/2015\/03\/Tinglados_esquemas_large.jpg\"><img loading=\"lazy\" class=\"alignnone size-medium wp-image-245\" src=\"https:\/\/arquitecturadeasturias.com\/obras\/wp-content\/uploads\/2015\/03\/Tinglados_esquemas_large-230x130.jpg\" alt=\"Tinglados_esquemas_large\" width=\"230\" height=\"130\" \/><\/a> <a href=\"https:\/\/arquitecturadeasturias.com\/obras\/wp-content\/uploads\/2015\/03\/Tinglados_Plantas_large.jpg\"><img loading=\"lazy\" class=\"alignnone size-medium wp-image-246\" src=\"https:\/\/arquitecturadeasturias.com\/obras\/wp-content\/uploads\/2015\/03\/Tinglados_Plantas_large-230x130.jpg\" alt=\"Tinglados_Plantas_large\" width=\"230\" height=\"130\" \/><\/a> <a href=\"https:\/\/arquitecturadeasturias.com\/obras\/wp-content\/uploads\/2015\/03\/Tinglados_Secciones_large.jpg\"><img loading=\"lazy\" class=\"alignnone size-medium wp-image-247\" src=\"https:\/\/arquitecturadeasturias.com\/obras\/wp-content\/uploads\/2015\/03\/Tinglados_Secciones_large-230x130.jpg\" alt=\"Tinglados_Secciones_large\" width=\"230\" height=\"130\" \/><\/a> <a href=\"https:\/\/arquitecturadeasturias.com\/obras\/wp-content\/uploads\/2015\/03\/Tinglados_situaci\u00a2n_large2.jpg\"><img loading=\"lazy\" class=\"alignnone size-medium wp-image-248\" src=\"https:\/\/arquitecturadeasturias.com\/obras\/wp-content\/uploads\/2015\/03\/Tinglados_situaci\u00a2n_large2-230x130.jpg\" alt=\"Tinglados_situaci\u00a2n_large2\" width=\"230\" height=\"130\" \/><\/a><\/td>\n<\/tr>\n<\/tbody>\n<\/table>\n","protected":false},"excerpt":{"rendered":"<p>Mariela Apollonio. Obra: \u00a0Tinglados en el Puerto de Avil\u00e9s Arquitecto: \u00a0[baraga\u00f1o] Localidad: \u00a0Avil\u00e9s Ayuntamiento: \u00a0Avil\u00e9s A\u00f1o: \u00a02008 Geolocalizaci\u00f3n: \u00a043.562, -5.916 Otros Datos: Premios: Publicaciones: Informaci\u00f3n en la\u00a0red: [baraga\u00f1o] archilovers divisare Descripci\u00f3n del proyecto: \u00abUn emplazamiento privilegiado en la R\u00eda de Avil\u00e9s, frente a la ciudad, en la d\u00e1rsena de San Agust\u00edn, un paisaje industrial, entre<a href=\"https:\/\/arquitecturadeasturias.com\/obras\/tinglados-en-el-puerto-de-aviles\/\" title=\"Read more\" >&#8230;<\/a><\/p>\n","protected":false},"author":8,"featured_media":242,"comment_status":"closed","ping_status":"closed","sticky":false,"template":"","format":"standard","meta":[],"categories":[131],"tags":[],"yoast_head":"<!-- This site is optimized with the Yoast SEO plugin v19.4 - https:\/\/yoast.com\/wordpress\/plugins\/seo\/ -->\n<title>Tinglados en el Puerto de Avil\u00e9s - A-A<\/title>\n<meta name=\"robots\" content=\"index, follow, max-snippet:-1, max-image-preview:large, max-video-preview:-1\" \/>\n<link rel=\"canonical\" href=\"https:\/\/arquitecturadeasturias.com\/obras\/tinglados-en-el-puerto-de-aviles\/\" \/>\n<meta property=\"og:locale\" content=\"es_ES\" \/>\n<meta property=\"og:type\" content=\"article\" \/>\n<meta property=\"og:title\" content=\"Tinglados en el Puerto de Avil\u00e9s - A-A\" \/>\n<meta property=\"og:description\" content=\"Mariela Apollonio. Obra: \u00a0Tinglados en el Puerto de Avil\u00e9s Arquitecto: \u00a0[baraga\u00f1o] Localidad: \u00a0Avil\u00e9s Ayuntamiento: \u00a0Avil\u00e9s A\u00f1o: \u00a02008 Geolocalizaci\u00f3n: \u00a043.562, -5.916 Otros Datos: Premios: Publicaciones: Informaci\u00f3n en la\u00a0red: [baraga\u00f1o] archilovers divisare Descripci\u00f3n del proyecto: \u00abUn emplazamiento privilegiado en la R\u00eda de Avil\u00e9s, frente a la ciudad, en la d\u00e1rsena de San Agust\u00edn, un paisaje industrial, entre...\" \/>\n<meta property=\"og:url\" content=\"https:\/\/arquitecturadeasturias.com\/obras\/tinglados-en-el-puerto-de-aviles\/\" \/>\n<meta property=\"og:site_name\" content=\"A-A\" \/>\n<meta property=\"article:published_time\" content=\"2015-03-16T17:00:51+00:00\" \/>\n<meta property=\"article:modified_time\" content=\"2015-03-16T15:39:21+00:00\" \/>\n<meta property=\"og:image\" content=\"https:\/\/arquitecturadeasturias.com\/obras\/wp-content\/uploads\/2015\/03\/Fot\u00f3grafa-de-arquitectura-Mariela-Apollonio-Docks-Aviles-Port-baraga\u00f1o-02.jpg\" \/>\n\t<meta property=\"og:image:width\" content=\"770\" \/>\n\t<meta property=\"og:image:height\" content=\"562\" \/>\n\t<meta property=\"og:image:type\" content=\"image\/jpeg\" \/>\n<meta name=\"author\" content=\"Andrea Alvarez\" \/>\n<meta name=\"twitter:label1\" content=\"Escrito por\" \/>\n\t<meta name=\"twitter:data1\" content=\"Andrea Alvarez\" \/>\n\t<meta name=\"twitter:label2\" content=\"Tiempo de lectura\" \/>\n\t<meta name=\"twitter:data2\" content=\"3 minutos\" \/>\n<script type=\"application\/ld+json\" class=\"yoast-schema-graph\">{\"@context\":\"https:\/\/schema.org\",\"@graph\":[{\"@type\":\"WebSite\",\"@id\":\"https:\/\/arquitecturadeasturias.com\/obras\/#website\",\"url\":\"https:\/\/arquitecturadeasturias.com\/obras\/\",\"name\":\"A-A\",\"description\":\"Arquitectura de Asturias\",\"potentialAction\":[{\"@type\":\"SearchAction\",\"target\":{\"@type\":\"EntryPoint\",\"urlTemplate\":\"https:\/\/arquitecturadeasturias.com\/obras\/?s={search_term_string}\"},\"query-input\":\"required name=search_term_string\"}],\"inLanguage\":\"es\"},{\"@type\":\"WebPage\",\"@id\":\"https:\/\/arquitecturadeasturias.com\/obras\/tinglados-en-el-puerto-de-aviles\/\",\"url\":\"https:\/\/arquitecturadeasturias.com\/obras\/tinglados-en-el-puerto-de-aviles\/\",\"name\":\"Tinglados en el Puerto de Avil\u00e9s - A-A\",\"isPartOf\":{\"@id\":\"https:\/\/arquitecturadeasturias.com\/obras\/#website\"},\"datePublished\":\"2015-03-16T17:00:51+00:00\",\"dateModified\":\"2015-03-16T15:39:21+00:00\",\"author\":{\"@id\":\"https:\/\/arquitecturadeasturias.com\/obras\/#\/schema\/person\/f37b95bfa9cd48bf065b37227259101e\"},\"breadcrumb\":{\"@id\":\"https:\/\/arquitecturadeasturias.com\/obras\/tinglados-en-el-puerto-de-aviles\/#breadcrumb\"},\"inLanguage\":\"es\",\"potentialAction\":[{\"@type\":\"ReadAction\",\"target\":[\"https:\/\/arquitecturadeasturias.com\/obras\/tinglados-en-el-puerto-de-aviles\/\"]}]},{\"@type\":\"BreadcrumbList\",\"@id\":\"https:\/\/arquitecturadeasturias.com\/obras\/tinglados-en-el-puerto-de-aviles\/#breadcrumb\",\"itemListElement\":[{\"@type\":\"ListItem\",\"position\":1,\"name\":\"Portada\",\"item\":\"https:\/\/arquitecturadeasturias.com\/obras\/\"},{\"@type\":\"ListItem\",\"position\":2,\"name\":\"Tinglados en el Puerto de Avil\u00e9s\"}]},{\"@type\":\"Person\",\"@id\":\"https:\/\/arquitecturadeasturias.com\/obras\/#\/schema\/person\/f37b95bfa9cd48bf065b37227259101e\",\"name\":\"Andrea Alvarez\",\"image\":{\"@type\":\"ImageObject\",\"inLanguage\":\"es\",\"@id\":\"https:\/\/arquitecturadeasturias.com\/obras\/#\/schema\/person\/image\/\",\"url\":\"https:\/\/secure.gravatar.com\/avatar\/60c3fd73dbf85a6417e2c19c1dbd5df2?s=96&d=identicon&r=g\",\"contentUrl\":\"https:\/\/secure.gravatar.com\/avatar\/60c3fd73dbf85a6417e2c19c1dbd5df2?s=96&d=identicon&r=g\",\"caption\":\"Andrea Alvarez\"},\"url\":\"https:\/\/arquitecturadeasturias.com\/obras\/author\/andrea-alvarez\/\"}]}<\/script>\n<!-- \/ Yoast SEO plugin. -->","yoast_head_json":{"title":"Tinglados en el Puerto de Avil\u00e9s - A-A","robots":{"index":"index","follow":"follow","max-snippet":"max-snippet:-1","max-image-preview":"max-image-preview:large","max-video-preview":"max-video-preview:-1"},"canonical":"https:\/\/arquitecturadeasturias.com\/obras\/tinglados-en-el-puerto-de-aviles\/","og_locale":"es_ES","og_type":"article","og_title":"Tinglados en el Puerto de Avil\u00e9s - A-A","og_description":"Mariela Apollonio. Obra: \u00a0Tinglados en el Puerto de Avil\u00e9s Arquitecto: \u00a0[baraga\u00f1o] Localidad: \u00a0Avil\u00e9s Ayuntamiento: \u00a0Avil\u00e9s A\u00f1o: \u00a02008 Geolocalizaci\u00f3n: \u00a043.562, -5.916 Otros Datos: Premios: Publicaciones: Informaci\u00f3n en la\u00a0red: [baraga\u00f1o] archilovers divisare Descripci\u00f3n del proyecto: \u00abUn emplazamiento privilegiado en la R\u00eda de Avil\u00e9s, frente a la ciudad, en la d\u00e1rsena de San Agust\u00edn, un paisaje industrial, entre...","og_url":"https:\/\/arquitecturadeasturias.com\/obras\/tinglados-en-el-puerto-de-aviles\/","og_site_name":"A-A","article_published_time":"2015-03-16T17:00:51+00:00","article_modified_time":"2015-03-16T15:39:21+00:00","og_image":[{"width":770,"height":562,"url":"https:\/\/arquitecturadeasturias.com\/obras\/wp-content\/uploads\/2015\/03\/Fot\u00f3grafa-de-arquitectura-Mariela-Apollonio-Docks-Aviles-Port-baraga\u00f1o-02.jpg","type":"image\/jpeg"}],"author":"Andrea Alvarez","twitter_misc":{"Escrito por":"Andrea Alvarez","Tiempo de lectura":"3 minutos"},"schema":{"@context":"https:\/\/schema.org","@graph":[{"@type":"WebSite","@id":"https:\/\/arquitecturadeasturias.com\/obras\/#website","url":"https:\/\/arquitecturadeasturias.com\/obras\/","name":"A-A","description":"Arquitectura de Asturias","potentialAction":[{"@type":"SearchAction","target":{"@type":"EntryPoint","urlTemplate":"https:\/\/arquitecturadeasturias.com\/obras\/?s={search_term_string}"},"query-input":"required name=search_term_string"}],"inLanguage":"es"},{"@type":"WebPage","@id":"https:\/\/arquitecturadeasturias.com\/obras\/tinglados-en-el-puerto-de-aviles\/","url":"https:\/\/arquitecturadeasturias.com\/obras\/tinglados-en-el-puerto-de-aviles\/","name":"Tinglados en el Puerto de Avil\u00e9s - A-A","isPartOf":{"@id":"https:\/\/arquitecturadeasturias.com\/obras\/#website"},"datePublished":"2015-03-16T17:00:51+00:00","dateModified":"2015-03-16T15:39:21+00:00","author":{"@id":"https:\/\/arquitecturadeasturias.com\/obras\/#\/schema\/person\/f37b95bfa9cd48bf065b37227259101e"},"breadcrumb":{"@id":"https:\/\/arquitecturadeasturias.com\/obras\/tinglados-en-el-puerto-de-aviles\/#breadcrumb"},"inLanguage":"es","potentialAction":[{"@type":"ReadAction","target":["https:\/\/arquitecturadeasturias.com\/obras\/tinglados-en-el-puerto-de-aviles\/"]}]},{"@type":"BreadcrumbList","@id":"https:\/\/arquitecturadeasturias.com\/obras\/tinglados-en-el-puerto-de-aviles\/#breadcrumb","itemListElement":[{"@type":"ListItem","position":1,"name":"Portada","item":"https:\/\/arquitecturadeasturias.com\/obras\/"},{"@type":"ListItem","position":2,"name":"Tinglados en el Puerto de Avil\u00e9s"}]},{"@type":"Person","@id":"https:\/\/arquitecturadeasturias.com\/obras\/#\/schema\/person\/f37b95bfa9cd48bf065b37227259101e","name":"Andrea Alvarez","image":{"@type":"ImageObject","inLanguage":"es","@id":"https:\/\/arquitecturadeasturias.com\/obras\/#\/schema\/person\/image\/","url":"https:\/\/secure.gravatar.com\/avatar\/60c3fd73dbf85a6417e2c19c1dbd5df2?s=96&d=identicon&r=g","contentUrl":"https:\/\/secure.gravatar.com\/avatar\/60c3fd73dbf85a6417e2c19c1dbd5df2?s=96&d=identicon&r=g","caption":"Andrea Alvarez"},"url":"https:\/\/arquitecturadeasturias.com\/obras\/author\/andrea-alvarez\/"}]}},"_links":{"self":[{"href":"https:\/\/arquitecturadeasturias.com\/obras\/wp-json\/wp\/v2\/posts\/239"}],"collection":[{"href":"https:\/\/arquitecturadeasturias.com\/obras\/wp-json\/wp\/v2\/posts"}],"about":[{"href":"https:\/\/arquitecturadeasturias.com\/obras\/wp-json\/wp\/v2\/types\/post"}],"author":[{"embeddable":true,"href":"https:\/\/arquitecturadeasturias.com\/obras\/wp-json\/wp\/v2\/users\/8"}],"replies":[{"embeddable":true,"href":"https:\/\/arquitecturadeasturias.com\/obras\/wp-json\/wp\/v2\/comments?post=239"}],"version-history":[{"count":3,"href":"https:\/\/arquitecturadeasturias.com\/obras\/wp-json\/wp\/v2\/posts\/239\/revisions"}],"predecessor-version":[{"id":263,"href":"https:\/\/arquitecturadeasturias.com\/obras\/wp-json\/wp\/v2\/posts\/239\/revisions\/263"}],"wp:featuredmedia":[{"embeddable":true,"href":"https:\/\/arquitecturadeasturias.com\/obras\/wp-json\/wp\/v2\/media\/242"}],"wp:attachment":[{"href":"https:\/\/arquitecturadeasturias.com\/obras\/wp-json\/wp\/v2\/media?parent=239"}],"wp:term":[{"taxonomy":"category","embeddable":true,"href":"https:\/\/arquitecturadeasturias.com\/obras\/wp-json\/wp\/v2\/categories?post=239"},{"taxonomy":"post_tag","embeddable":true,"href":"https:\/\/arquitecturadeasturias.com\/obras\/wp-json\/wp\/v2\/tags?post=239"}],"curies":[{"name":"wp","href":"https:\/\/api.w.org\/{rel}","templated":true}]}}