{"id":2416,"date":"2015-09-30T17:00:12","date_gmt":"2015-09-30T16:00:12","guid":{"rendered":"http:\/\/arquitecturadeasturias.com\/obras\/?p=2416"},"modified":"2015-09-30T12:24:31","modified_gmt":"2015-09-30T11:24:31","slug":"taller-de-escultura-y-ceramica-en-ferrones","status":"publish","type":"post","link":"https:\/\/arquitecturadeasturias.com\/obras\/taller-de-escultura-y-ceramica-en-ferrones\/","title":{"rendered":"Taller de escultura y cer\u00e1mica en Ferro\u00f1es"},"content":{"rendered":"<p><a href=\"https:\/\/arquitecturadeasturias.com\/obras\/wp-content\/uploads\/2015\/09\/MG_01-copia.jpg\"><img loading=\"lazy\" class=\"alignnone wp-image-2417 size-full\" src=\"https:\/\/arquitecturadeasturias.com\/obras\/wp-content\/uploads\/2015\/09\/MG_01-copia.jpg\" alt=\"\" width=\"770\" height=\"475\" \/><\/a><\/p>\n<h5 style=\"text-align: right;\">Cristobal Rov\u00e9s<\/h5>\n<table class=\"aligncenter\" border=\"0\" width=\"620\" cellspacing=\"0\" cellpadding=\"0\">\n<tbody>\n<tr>\n<td width=\"180\"><strong>Obra:<\/strong><\/td>\n<td>\u00a0Taller de escultura y cer\u00e1mica en Ferro\u00f1es<\/td>\n<\/tr>\n<tr>\n<td><strong>Arquitecto:<\/strong><\/td>\n<td>\u00a0Andr\u00e9s Diego Llaca<\/td>\n<\/tr>\n<tr>\n<td><strong>Localidad:<\/strong><\/td>\n<td>\u00a0Ferro\u00f1es<\/td>\n<\/tr>\n<tr>\n<td><strong>Ayuntamiento:<\/strong><\/td>\n<td>\u00a0Llanera<\/td>\n<\/tr>\n<tr>\n<td><strong>A\u00f1o:<\/strong><\/td>\n<td>\u00a02011<\/td>\n<\/tr>\n<tr>\n<td><strong>Geolocalizaci\u00f3n:<\/strong><\/td>\n<td><strong>\u00a0<a href=\"https:\/\/www.google.com\/fusiontables\/embedviz?q=select+col6+from+1InU4j1en-gRMKYhwLG5Jml-HUrpJQ44KqowJKWPY+where+col4+%3D+'Llanera'+and+col1+%3D+'Taller+de+escultura+y+cer%C3%A1mica+de+Ferro%C3%B1es'&amp;viz=MAP&amp;h=false&amp;lat=43.47559685507509&amp;lng=-5.783226750946035&amp;t=1&amp;z=12&amp;l=col6&amp;y=2&amp;tmplt=3&amp;hml=GEOCODABLE\" target=\"_blank\">43.477\u00a0-5.886<\/a><\/strong><\/td>\n<\/tr>\n<\/tbody>\n<\/table>\n<table class=\" aligncenter\" border=\"0\" width=\"620\" cellspacing=\"0\" cellpadding=\"0\">\n<tbody>\n<tr>\n<td colspan=\"3\"><strong>Otros Datos:<\/strong><\/td>\n<\/tr>\n<tr>\n<td width=\"20\"><\/td>\n<td colspan=\"2\"><strong>Premios:<\/strong><\/td>\n<\/tr>\n<tr>\n<td width=\"20\"><\/td>\n<td width=\"20\"><\/td>\n<td width=\"580\">\n<ul>\n<li>XXII Premio Asturias de arquitectura (2014) &#8211; Premio<\/li>\n<\/ul>\n<\/td>\n<\/tr>\n<tr>\n<td width=\"20\"><\/td>\n<td colspan=\"2\"><strong>Publicaciones:<\/strong><\/td>\n<\/tr>\n<tr>\n<td width=\"20\"><\/td>\n<td width=\"20\"><\/td>\n<td>\n<ul>\n<li>Conarquitectura 42: Urbano vs Rural. Madrid: ConArquitectura, 2013.<\/li>\n<li><a href=\"http:\/\/www.lne.es\/centro\/2014\/02\/11\/arte-refugia-ferrones\/1541189.html\" target=\"_blank\">Diario: La Nueva Espa\u00f1a. El arte se refugia en Ferro\u00f1es<\/a><\/li>\n<\/ul>\n<\/td>\n<\/tr>\n<tr>\n<td width=\"20\"><\/td>\n<td colspan=\"2\"><strong>Informaci\u00f3n en la\u00a0red:\u00a0<\/strong><\/td>\n<\/tr>\n<tr>\n<td width=\"20\"><\/td>\n<td width=\"20\"><\/td>\n<td>\n<ul>\n<li><a href=\"http:\/\/aibarchitecture.blogspot.com.es\/2014\/06\/xxii-edicion-del-premio-asturias-de_27.html\" target=\"_blank\">Aibarchitecture<\/a><\/li>\n<li><a href=\"http:\/\/www.asturiasmundial.com\/ventanaenblanco\/detalle\/305\/taller-de-escultura-y-ceramica\/\" target=\"_blank\">Ventana en Blanco<\/a><\/li>\n<\/ul>\n<\/td>\n<\/tr>\n<tr>\n<td width=\"20\"><\/td>\n<td colspan=\"2\"><strong>Descripci\u00f3n del proyecto: <\/strong>\u00a0<a href=\"http:\/\/www.diegollaca.com\/\" target=\"_blank\">Andr\u00e9s Diego Llaca<\/a><\/td>\n<\/tr>\n<tr>\n<td width=\"20\"><\/td>\n<td width=\"20\"><\/td>\n<td style=\"text-align: justify;\">\n<p class=\"western\"><span style=\"font-family: 'Times New Roman', serif;\"><span style=\"font-size: medium;\"><span style=\"font-family: 'Futura Lt BT', sans-serif;\">En la l\u00ednea Oviedo-Avil\u00e9s de los trenes de cercan\u00edas asturianos, Ferro\u00f1es es un apeadero situado en medio del campo, entre prados y montes. Este apeadero permite una comunicaci\u00f3n directa de la aldea, de la que toma su nombre, con el resto de la regi\u00f3n y ofrece una buena alternativa a un complicado trayecto por carreteras locales. El pueblo est\u00e1 constituido por un reducido n\u00famero de casas que se asientan de forma dispersa en un paisaje ondulante. En una de ellas, el escultor hab\u00eda establecido ya su vivienda y lugar de trabajo. Con el car\u00e1cter t\u00edpico de las edificaciones rurales de la zona, el conjunto estaba formado por una casa con h\u00f3rreo y varias construcciones auxiliares, situadas todas ellas pr\u00f3ximas a la carretera. El propietario lo hab\u00eda rehabilitado en varias fases, con la intervenci\u00f3n de distintos proyectistas, para utilizarlos como vivienda y estudio de pintura. <\/span><\/span><\/span><\/p>\n<p class=\"western\"><span style=\"font-family: 'Futura Lt BT', sans-serif;\"><span style=\"font-size: medium;\">Se trataba ahora de construir, al fondo del jard\u00edn, entre este y las huertas, un taller de escultura y cer\u00e1mica, que le permitiese desarrollar, tambi\u00e9n en este lugar, dichas disciplinas. <\/span><\/span><\/p>\n<p class=\"western\"><span style=\"font-family: 'Futura Lt BT', sans-serif;\"><span style=\"font-size: medium;\">El nuevo volumen del taller, se apoya sobre el terreno respetando su topograf\u00eda y aprovechando los desniveles para dar respuesta a los distintos requerimientos del programa funcional: taller de trabajo y estudio limpio constituyen un \u00fanico espacio pero situados en niveles diferentes, y el almac\u00e9n de barros ubicado bajo el estudio, se dispone en planta de semis\u00f3tano. <\/span><\/span><\/p>\n<p class=\"western\"><span style=\"font-family: 'Futura Lt BT', sans-serif;\"><span style=\"font-size: medium;\">En el exterior, una serie de terrazas escalonadas, que permiten el acceso directo desde el terreno a los distintos niveles interiores, ser\u00e1n una prolongaci\u00f3n de estos. Se configura as\u00ed una solana, protegida de la brisa incomoda del nordeste, destinada a trabajos al aire libre o lugar de descanso.<\/span><\/span><\/p>\n<p class=\"western\"><span style=\"font-family: 'Times New Roman', serif;\"><span style=\"font-size: medium;\"><span style=\"font-family: 'Futura Lt BT', sans-serif;\">Siguiendo<\/span> <span style=\"font-family: 'Futura Lt BT', sans-serif;\">la<\/span> <span style=\"font-family: 'Futura Lt BT', sans-serif;\">tradici\u00f3n<\/span> <span style=\"font-family: 'Futura Lt BT', sans-serif;\">cl\u00e1sica <\/span> <span style=\"font-family: 'Futura Lt BT', sans-serif;\">de<\/span> <span style=\"font-family: 'Futura Lt BT', sans-serif;\">componer<\/span> <span style=\"font-family: 'Futura Lt BT', sans-serif;\">los<\/span> <span style=\"font-family: 'Futura Lt BT', sans-serif;\">edificios<\/span> <span style=\"font-family: 'Futura Lt BT', sans-serif;\">apoy\u00e1ndose<\/span> <span style=\"font-family: 'Futura Lt BT', sans-serif;\">en relaciones geom\u00e9tricas,<\/span> <span style=\"font-family: 'Futura Lt BT', sans-serif;\">se<\/span> <span style=\"font-family: 'Futura Lt BT', sans-serif;\">ha<\/span> <span style=\"font-family: 'Futura Lt BT', sans-serif;\">utilizado<\/span> <span style=\"font-family: 'Futura Lt BT', sans-serif;\">aqu\u00ed<\/span> <span style=\"font-family: 'Futura Lt BT', sans-serif;\">una<\/span> <span style=\"font-family: 'Futura Lt BT', sans-serif;\">regla:<\/span> <span style=\"font-family: 'Futura Lt BT', sans-serif;\">si<\/span> <span style=\"font-family: 'Futura Lt BT', sans-serif;\">volteamos<\/span> <span style=\"font-family: 'Futura Lt BT', sans-serif;\">el<\/span> <span style=\"font-family: 'Futura Lt BT', sans-serif;\">edificio<\/span> <span style=\"font-family: 'Futura Lt BT', sans-serif;\">mediante<\/span> <span style=\"font-family: 'Futura Lt BT', sans-serif;\">dos giros (uno<\/span> <span style=\"font-family: 'Futura Lt BT', sans-serif;\">de<\/span> <span style=\"font-family: 'Futura Lt BT', sans-serif;\">eje<\/span> <span style=\"font-family: 'Futura Lt BT', sans-serif;\">vertical<\/span> <span style=\"font-family: 'Futura Lt BT', sans-serif;\">y<\/span> <span style=\"font-family: 'Futura Lt BT', sans-serif;\">otro<\/span> <span style=\"font-family: 'Futura Lt BT', sans-serif;\">horizontal)<\/span> <span style=\"font-family: 'Futura Lt BT', sans-serif;\">\u00e9ste<\/span> <span style=\"font-family: 'Futura Lt BT', sans-serif;\">permanece<\/span> <span style=\"font-family: 'Futura Lt BT', sans-serif;\">invariable.<\/span><\/span><\/span><\/p>\n<p class=\"western\"><span style=\"font-family: 'Futura Lt BT', sans-serif;\"><span style=\"font-size: medium;\">La soluci\u00f3n constructiva, que es parte integrante en la concepci\u00f3n de cualquier edificio, aparece aqu\u00ed en la propia g\u00e9nesis del proyecto, incorporando dos requisitos que deb\u00edan prevalecer sobre los dem\u00e1s: el econ\u00f3mico (se dispon\u00eda de un presupuesto muy bajo) y el de posibilitar la ejecuci\u00f3n con mano de obra poco especializada. <\/span><\/span><\/p>\n<p class=\"western\"><span style=\"font-family: 'Futura Lt BT', sans-serif;\"><span style=\"font-size: medium;\">La cimentaci\u00f3n se ha resuelto con una losa. El hormig\u00f3n, procedente de central, incorporaba ya viruta de acero y no precis\u00f3 armado en obra. Se verti\u00f3 directamente sobre un cajeado en el terreno, revestido de una l\u00e1mina de polietileno, por lo que tampoco precis\u00f3 encofrado.<\/span><\/span><\/p>\n<p class=\"western\"><span style=\"font-family: 'Futura Lt BT', sans-serif;\"><span style=\"font-size: medium;\">Las paredes de ladrillo son, al tiempo que la estructura del edificio, parte sustancial del cerramiento exterior y constituyen, sin m\u00e1s, el acabado de los paramentos interiores.<\/span><\/span><\/p>\n<p class=\"western\"><span style=\"font-family: 'Futura Lt BT', sans-serif;\"><span style=\"font-size: medium;\">Para el cerramiento exterior se ha realizado una versi\u00f3n de fachada ventilada resuelta de una manera muy econ\u00f3mica: las paredes de ladrillo estructurales se revistieron por el exterior de placas de aislamiento y como acabado se realiz\u00f3 una pared aligerada del mismo ladrillo. A este tabique palomero le correspondi\u00f3 la responsabilidad de dar la imagen final del edificio.<\/span><\/span><\/p>\n<\/td>\n<\/tr>\n<tr>\n<td width=\"20\"><\/td>\n<td colspan=\"2\"><b><b>Reportaje fotogr\u00e1fico:\u00a0<\/b><\/b>Cristobal Rov\u00e9s<\/td>\n<\/tr>\n<tr>\n<td width=\"20\"><\/td>\n<td colspan=\"2\">\n\t\t<div id='gallery-241613' class='gallery carousel slide'> <div class='carousel-inner' data-interval='7000'><div class='item active'><img src='https:\/\/arquitecturadeasturias.com\/obras\/wp-content\/uploads\/2015\/09\/MG_06.jpg' \/><span class='gallery-caption'><\/span><\/div><div class='item'><img src='https:\/\/arquitecturadeasturias.com\/obras\/wp-content\/uploads\/2015\/09\/MG_01.jpg' \/><span class='gallery-caption'><\/span><\/div><div class='item'><img src='https:\/\/arquitecturadeasturias.com\/obras\/wp-content\/uploads\/2015\/09\/MG_05.jpg' \/><span class='gallery-caption'><\/span><\/div><div class='item'><img src='https:\/\/arquitecturadeasturias.com\/obras\/wp-content\/uploads\/2015\/09\/MG_4946R-sin-luminarias.jpg' \/><span class='gallery-caption'><\/span><\/div><div class='item'><img src='https:\/\/arquitecturadeasturias.com\/obras\/wp-content\/uploads\/2015\/09\/MG_11.jpg' \/><span class='gallery-caption'><\/span><\/div><div class='item'><img src='https:\/\/arquitecturadeasturias.com\/obras\/wp-content\/uploads\/2015\/09\/MG_10.jpg' \/><span class='gallery-caption'><\/span><\/div><div class='item'><img src='https:\/\/arquitecturadeasturias.com\/obras\/wp-content\/uploads\/2015\/09\/MG_07.jpg' \/><span class='gallery-caption'><\/span><\/div> <\/div><div class=\"carousel-nav\"><ul><\/ul><\/div><a class=\"carousel-control left\" href=\"#gallery-241613\" data-slide=\"prev\"><i class=\"icon-chevron-left\"><\/i><\/a>\r\n        <a class=\"carousel-control right\" href=\"#gallery-241613\" data-slide=\"next\"><i class=\"icon-chevron-right\"><\/i><\/a><\/div><\/td>\n<\/tr>\n<tr>\n<td width=\"20\"><\/td>\n<td colspan=\"2\"><strong><strong>Planos: <\/strong><\/strong><a href=\"http:\/\/www.diegollaca.com\/\" target=\"_blank\">Andr\u00e9s Diego Llaca<\/a><\/td>\n<\/tr>\n<tr>\n<td width=\"20\"><\/td>\n<td colspan=\"2\">\n\t\t<div id='gallery-24165' class='gallery carousel slide'> <div class='carousel-inner' data-interval='7000'><div class='item active'><img src='https:\/\/arquitecturadeasturias.com\/obras\/wp-content\/uploads\/2015\/09\/Planta.jpg' \/><span class='gallery-caption'><\/span><\/div><div class='item'><img src='https:\/\/arquitecturadeasturias.com\/obras\/wp-content\/uploads\/2015\/09\/Secci\u00f3n-BB.jpg' \/><span class='gallery-caption'><\/span><\/div> <\/div><div class=\"carousel-nav\"><ul><\/ul><\/div><a class=\"carousel-control left\" href=\"#gallery-24165\" data-slide=\"prev\"><i class=\"icon-chevron-left\"><\/i><\/a>\r\n        <a class=\"carousel-control right\" href=\"#gallery-24165\" data-slide=\"next\"><i class=\"icon-chevron-right\"><\/i><\/a><\/div><\/td>\n<\/tr>\n<\/tbody>\n<\/table>\n<p>&nbsp;<\/p>\n","protected":false},"excerpt":{"rendered":"<p>Taller de escultura y cer\u00e1mica. Andr\u00e9s Diego Llaca; Ferro\u00f1es (Llanera), 2011.<\/p>\n<p>El nuevo volumen del taller, se apoya sobre el terreno respetando su topograf\u00eda y aprovechando los desniveles para dar respuesta a los distintos requerimientos del programa funcional: taller de trabajo y estudio limpio constituyen un \u00fanico&#8230;<\/p>\n","protected":false},"author":2,"featured_media":2419,"comment_status":"closed","ping_status":"closed","sticky":false,"template":"","format":"standard","meta":[],"categories":[131],"tags":[],"yoast_head":"<!-- This site is optimized with the Yoast SEO plugin v19.4 - https:\/\/yoast.com\/wordpress\/plugins\/seo\/ -->\n<title>Taller de escultura y cer\u00e1mica en Ferro\u00f1es - A-A<\/title>\n<meta name=\"robots\" content=\"index, follow, max-snippet:-1, max-image-preview:large, max-video-preview:-1\" \/>\n<link rel=\"canonical\" href=\"https:\/\/arquitecturadeasturias.com\/obras\/taller-de-escultura-y-ceramica-en-ferrones\/\" \/>\n<meta property=\"og:locale\" content=\"es_ES\" \/>\n<meta property=\"og:type\" content=\"article\" \/>\n<meta property=\"og:title\" content=\"Taller de escultura y cer\u00e1mica en Ferro\u00f1es - A-A\" \/>\n<meta property=\"og:description\" content=\"Taller de escultura y cer\u00e1mica. Andr\u00e9s Diego Llaca; Ferro\u00f1es (Llanera), 2011.  El nuevo volumen del taller, se apoya sobre el terreno respetando su topograf\u00eda y aprovechando los desniveles para dar respuesta a los distintos requerimientos del programa funcional: taller de trabajo y estudio limpio constituyen un \u00fanico...\" \/>\n<meta property=\"og:url\" content=\"https:\/\/arquitecturadeasturias.com\/obras\/taller-de-escultura-y-ceramica-en-ferrones\/\" \/>\n<meta property=\"og:site_name\" content=\"A-A\" \/>\n<meta property=\"article:author\" content=\"https:\/\/www.facebook.com\/omarromaarquitecto\" \/>\n<meta property=\"article:published_time\" content=\"2015-09-30T16:00:12+00:00\" \/>\n<meta property=\"article:modified_time\" content=\"2015-09-30T11:24:31+00:00\" \/>\n<meta property=\"og:image\" content=\"https:\/\/arquitecturadeasturias.com\/obras\/wp-content\/uploads\/2015\/09\/MG_05.jpg\" \/>\n\t<meta property=\"og:image:width\" content=\"550\" \/>\n\t<meta property=\"og:image:height\" content=\"367\" \/>\n\t<meta property=\"og:image:type\" content=\"image\/jpeg\" \/>\n<meta name=\"author\" content=\"Omar Ro.Ma.\" \/>\n<meta name=\"twitter:label1\" content=\"Escrito por\" \/>\n\t<meta name=\"twitter:data1\" content=\"Omar Ro.Ma.\" \/>\n\t<meta name=\"twitter:label2\" content=\"Tiempo de lectura\" \/>\n\t<meta name=\"twitter:data2\" content=\"3 minutos\" \/>\n<script type=\"application\/ld+json\" class=\"yoast-schema-graph\">{\"@context\":\"https:\/\/schema.org\",\"@graph\":[{\"@type\":\"WebSite\",\"@id\":\"https:\/\/arquitecturadeasturias.com\/obras\/#website\",\"url\":\"https:\/\/arquitecturadeasturias.com\/obras\/\",\"name\":\"A-A\",\"description\":\"Arquitectura de Asturias\",\"potentialAction\":[{\"@type\":\"SearchAction\",\"target\":{\"@type\":\"EntryPoint\",\"urlTemplate\":\"https:\/\/arquitecturadeasturias.com\/obras\/?s={search_term_string}\"},\"query-input\":\"required name=search_term_string\"}],\"inLanguage\":\"es\"},{\"@type\":\"WebPage\",\"@id\":\"https:\/\/arquitecturadeasturias.com\/obras\/taller-de-escultura-y-ceramica-en-ferrones\/\",\"url\":\"https:\/\/arquitecturadeasturias.com\/obras\/taller-de-escultura-y-ceramica-en-ferrones\/\",\"name\":\"Taller de escultura y cer\u00e1mica en Ferro\u00f1es - A-A\",\"isPartOf\":{\"@id\":\"https:\/\/arquitecturadeasturias.com\/obras\/#website\"},\"datePublished\":\"2015-09-30T16:00:12+00:00\",\"dateModified\":\"2015-09-30T11:24:31+00:00\",\"author\":{\"@id\":\"https:\/\/arquitecturadeasturias.com\/obras\/#\/schema\/person\/1d538920d82be5ae5f33ba1b4984e1c5\"},\"breadcrumb\":{\"@id\":\"https:\/\/arquitecturadeasturias.com\/obras\/taller-de-escultura-y-ceramica-en-ferrones\/#breadcrumb\"},\"inLanguage\":\"es\",\"potentialAction\":[{\"@type\":\"ReadAction\",\"target\":[\"https:\/\/arquitecturadeasturias.com\/obras\/taller-de-escultura-y-ceramica-en-ferrones\/\"]}]},{\"@type\":\"BreadcrumbList\",\"@id\":\"https:\/\/arquitecturadeasturias.com\/obras\/taller-de-escultura-y-ceramica-en-ferrones\/#breadcrumb\",\"itemListElement\":[{\"@type\":\"ListItem\",\"position\":1,\"name\":\"Portada\",\"item\":\"https:\/\/arquitecturadeasturias.com\/obras\/\"},{\"@type\":\"ListItem\",\"position\":2,\"name\":\"Taller de escultura y cer\u00e1mica en Ferro\u00f1es\"}]},{\"@type\":\"Person\",\"@id\":\"https:\/\/arquitecturadeasturias.com\/obras\/#\/schema\/person\/1d538920d82be5ae5f33ba1b4984e1c5\",\"name\":\"Omar Ro.Ma.\",\"image\":{\"@type\":\"ImageObject\",\"inLanguage\":\"es\",\"@id\":\"https:\/\/arquitecturadeasturias.com\/obras\/#\/schema\/person\/image\/\",\"url\":\"https:\/\/secure.gravatar.com\/avatar\/ed5c02d4ae8220a25cf9e96121bff318?s=96&d=identicon&r=g\",\"contentUrl\":\"https:\/\/secure.gravatar.com\/avatar\/ed5c02d4ae8220a25cf9e96121bff318?s=96&d=identicon&r=g\",\"caption\":\"Omar Ro.Ma.\"},\"description\":\"Arquitecto por la ETSAC (Escuela T\u00e9cnica Superior de Arquitectura de Coru\u00f1a), con el estudio Omar Ro.Ma. Arquitecto, adem\u00e1s de colaborador de arquitecturadegalicia.eu, fundador y organizador de arquitecturadeasturias.com. tiene estudio propio en Avil\u00e9s, Arquitectura Omar Ro.Ma.\",\"sameAs\":[\"http:\/\/www.omarroma.es\",\"https:\/\/www.facebook.com\/omarromaarquitecto\"],\"url\":\"https:\/\/arquitecturadeasturias.com\/obras\/author\/omar-roma\/\"}]}<\/script>\n<!-- \/ Yoast SEO plugin. -->","yoast_head_json":{"title":"Taller de escultura y cer\u00e1mica en Ferro\u00f1es - A-A","robots":{"index":"index","follow":"follow","max-snippet":"max-snippet:-1","max-image-preview":"max-image-preview:large","max-video-preview":"max-video-preview:-1"},"canonical":"https:\/\/arquitecturadeasturias.com\/obras\/taller-de-escultura-y-ceramica-en-ferrones\/","og_locale":"es_ES","og_type":"article","og_title":"Taller de escultura y cer\u00e1mica en Ferro\u00f1es - A-A","og_description":"Taller de escultura y cer\u00e1mica. Andr\u00e9s Diego Llaca; Ferro\u00f1es (Llanera), 2011.  El nuevo volumen del taller, se apoya sobre el terreno respetando su topograf\u00eda y aprovechando los desniveles para dar respuesta a los distintos requerimientos del programa funcional: taller de trabajo y estudio limpio constituyen un \u00fanico...","og_url":"https:\/\/arquitecturadeasturias.com\/obras\/taller-de-escultura-y-ceramica-en-ferrones\/","og_site_name":"A-A","article_author":"https:\/\/www.facebook.com\/omarromaarquitecto","article_published_time":"2015-09-30T16:00:12+00:00","article_modified_time":"2015-09-30T11:24:31+00:00","og_image":[{"width":550,"height":367,"url":"https:\/\/arquitecturadeasturias.com\/obras\/wp-content\/uploads\/2015\/09\/MG_05.jpg","type":"image\/jpeg"}],"author":"Omar Ro.Ma.","twitter_misc":{"Escrito por":"Omar Ro.Ma.","Tiempo de lectura":"3 minutos"},"schema":{"@context":"https:\/\/schema.org","@graph":[{"@type":"WebSite","@id":"https:\/\/arquitecturadeasturias.com\/obras\/#website","url":"https:\/\/arquitecturadeasturias.com\/obras\/","name":"A-A","description":"Arquitectura de Asturias","potentialAction":[{"@type":"SearchAction","target":{"@type":"EntryPoint","urlTemplate":"https:\/\/arquitecturadeasturias.com\/obras\/?s={search_term_string}"},"query-input":"required name=search_term_string"}],"inLanguage":"es"},{"@type":"WebPage","@id":"https:\/\/arquitecturadeasturias.com\/obras\/taller-de-escultura-y-ceramica-en-ferrones\/","url":"https:\/\/arquitecturadeasturias.com\/obras\/taller-de-escultura-y-ceramica-en-ferrones\/","name":"Taller de escultura y cer\u00e1mica en Ferro\u00f1es - A-A","isPartOf":{"@id":"https:\/\/arquitecturadeasturias.com\/obras\/#website"},"datePublished":"2015-09-30T16:00:12+00:00","dateModified":"2015-09-30T11:24:31+00:00","author":{"@id":"https:\/\/arquitecturadeasturias.com\/obras\/#\/schema\/person\/1d538920d82be5ae5f33ba1b4984e1c5"},"breadcrumb":{"@id":"https:\/\/arquitecturadeasturias.com\/obras\/taller-de-escultura-y-ceramica-en-ferrones\/#breadcrumb"},"inLanguage":"es","potentialAction":[{"@type":"ReadAction","target":["https:\/\/arquitecturadeasturias.com\/obras\/taller-de-escultura-y-ceramica-en-ferrones\/"]}]},{"@type":"BreadcrumbList","@id":"https:\/\/arquitecturadeasturias.com\/obras\/taller-de-escultura-y-ceramica-en-ferrones\/#breadcrumb","itemListElement":[{"@type":"ListItem","position":1,"name":"Portada","item":"https:\/\/arquitecturadeasturias.com\/obras\/"},{"@type":"ListItem","position":2,"name":"Taller de escultura y cer\u00e1mica en Ferro\u00f1es"}]},{"@type":"Person","@id":"https:\/\/arquitecturadeasturias.com\/obras\/#\/schema\/person\/1d538920d82be5ae5f33ba1b4984e1c5","name":"Omar Ro.Ma.","image":{"@type":"ImageObject","inLanguage":"es","@id":"https:\/\/arquitecturadeasturias.com\/obras\/#\/schema\/person\/image\/","url":"https:\/\/secure.gravatar.com\/avatar\/ed5c02d4ae8220a25cf9e96121bff318?s=96&d=identicon&r=g","contentUrl":"https:\/\/secure.gravatar.com\/avatar\/ed5c02d4ae8220a25cf9e96121bff318?s=96&d=identicon&r=g","caption":"Omar Ro.Ma."},"description":"Arquitecto por la ETSAC (Escuela T\u00e9cnica Superior de Arquitectura de Coru\u00f1a), con el estudio Omar Ro.Ma. Arquitecto, adem\u00e1s de colaborador de arquitecturadegalicia.eu, fundador y organizador de arquitecturadeasturias.com. tiene estudio propio en Avil\u00e9s, Arquitectura Omar Ro.Ma.","sameAs":["http:\/\/www.omarroma.es","https:\/\/www.facebook.com\/omarromaarquitecto"],"url":"https:\/\/arquitecturadeasturias.com\/obras\/author\/omar-roma\/"}]}},"_links":{"self":[{"href":"https:\/\/arquitecturadeasturias.com\/obras\/wp-json\/wp\/v2\/posts\/2416"}],"collection":[{"href":"https:\/\/arquitecturadeasturias.com\/obras\/wp-json\/wp\/v2\/posts"}],"about":[{"href":"https:\/\/arquitecturadeasturias.com\/obras\/wp-json\/wp\/v2\/types\/post"}],"author":[{"embeddable":true,"href":"https:\/\/arquitecturadeasturias.com\/obras\/wp-json\/wp\/v2\/users\/2"}],"replies":[{"embeddable":true,"href":"https:\/\/arquitecturadeasturias.com\/obras\/wp-json\/wp\/v2\/comments?post=2416"}],"version-history":[{"count":3,"href":"https:\/\/arquitecturadeasturias.com\/obras\/wp-json\/wp\/v2\/posts\/2416\/revisions"}],"predecessor-version":[{"id":2429,"href":"https:\/\/arquitecturadeasturias.com\/obras\/wp-json\/wp\/v2\/posts\/2416\/revisions\/2429"}],"wp:featuredmedia":[{"embeddable":true,"href":"https:\/\/arquitecturadeasturias.com\/obras\/wp-json\/wp\/v2\/media\/2419"}],"wp:attachment":[{"href":"https:\/\/arquitecturadeasturias.com\/obras\/wp-json\/wp\/v2\/media?parent=2416"}],"wp:term":[{"taxonomy":"category","embeddable":true,"href":"https:\/\/arquitecturadeasturias.com\/obras\/wp-json\/wp\/v2\/categories?post=2416"},{"taxonomy":"post_tag","embeddable":true,"href":"https:\/\/arquitecturadeasturias.com\/obras\/wp-json\/wp\/v2\/tags?post=2416"}],"curies":[{"name":"wp","href":"https:\/\/api.w.org\/{rel}","templated":true}]}}