{"id":2546,"date":"2015-10-15T17:00:40","date_gmt":"2015-10-15T16:00:40","guid":{"rendered":"http:\/\/arquitecturadeasturias.com\/obras\/?p=2546"},"modified":"2015-10-15T14:39:17","modified_gmt":"2015-10-15T13:39:17","slug":"casa-cuartel-de-la-guardia-civil-de-piedras-blancas","status":"publish","type":"post","link":"https:\/\/arquitecturadeasturias.com\/obras\/casa-cuartel-de-la-guardia-civil-de-piedras-blancas\/","title":{"rendered":"Casa Cuartel de la Guardia Civil de Piedras Blancas"},"content":{"rendered":"<p><a href=\"https:\/\/arquitecturadeasturias.com\/obras\/wp-content\/uploads\/2015\/10\/imagen_33_550.jpg\"><img loading=\"lazy\" class=\"aligncenter size-full wp-image-2551\" src=\"https:\/\/arquitecturadeasturias.com\/obras\/wp-content\/uploads\/2015\/10\/imagen_33_550.jpg\" alt=\"imagen_33_550\" width=\"550\" height=\"825\" \/><\/a><\/p>\n<p style=\"text-align: right;\"><span style=\"color: #c0c0c0;\">COAA 25 Aniversario Premio Asturias de la Arquitectura.<\/span><\/p>\n<table class=\"aligncenter\" border=\"0\" width=\"620\" cellspacing=\"0\" cellpadding=\"0\">\n<tbody>\n<tr>\n<td width=\"180\"><strong>Obra:<\/strong><\/td>\n<td>\u00a0Casa Cuartel de la Guardia Civil de Piedras Blancas<\/td>\n<\/tr>\n<tr>\n<td><strong>Arquitecto:<\/strong><\/td>\n<td>\u00a0Jos\u00e9\u00a0Manuel Caicoya Rodr\u00edguez y Manuel Garc\u00eda Garc\u00eda<\/td>\n<\/tr>\n<tr>\n<td><strong>Localidad:<\/strong><\/td>\n<td>\u00a0Piedras Blancas<\/td>\n<\/tr>\n<tr>\n<td><strong>Ayuntamiento:<\/strong><\/td>\n<td>\u00a0Castrill\u00f3n<\/td>\n<\/tr>\n<tr>\n<td><strong>A\u00f1o:<\/strong><\/td>\n<td>\u00a01982<\/td>\n<\/tr>\n<tr>\n<td><strong>Geolocalizaci\u00f3n:<\/strong><\/td>\n<td><a href=\"https:\/\/www.google.com\/fusiontables\/embedviz?q=select+col6+from+1InU4j1en-gRMKYhwLG5Jml-HUrpJQ44KqowJKWPY+where+col1+in+('Barrio+el+Fuejo'%2C+'Casa+Cuartel+de+la+Guardia+Civil+de+Piedras+Blancas')&amp;viz=MAP&amp;h=false&amp;lat=43.567308648622685&amp;lng=-5.975149534797659&amp;t=3&amp;z=17&amp;l=col6&amp;y=2&amp;tmplt=3&amp;hml=GEOCODABLE\" target=\"_blank\"><strong>43.567-5.976<\/strong><\/a><\/td>\n<\/tr>\n<\/tbody>\n<\/table>\n<table class=\" aligncenter\" border=\"0\" width=\"620\" cellspacing=\"0\" cellpadding=\"0\">\n<tbody>\n<tr>\n<td colspan=\"3\"><strong>Otros Datos:<\/strong><\/td>\n<\/tr>\n<tr>\n<td width=\"20\"><\/td>\n<td colspan=\"2\"><strong>Premios:<\/strong><\/td>\n<\/tr>\n<tr>\n<td width=\"20\"><\/td>\n<td width=\"20\"><\/td>\n<td width=\"580\">\n<ul>\n<li>\u00a0Premio Asturias de la Arquitectura 1983<\/li>\n<\/ul>\n<\/td>\n<\/tr>\n<tr>\n<td width=\"20\"><\/td>\n<td colspan=\"2\"><strong>Publicaciones:<\/strong><\/td>\n<\/tr>\n<tr>\n<td width=\"20\"><\/td>\n<td width=\"20\"><\/td>\n<td>\n<ul>\n<li>COAA 25 Aniversario Premio Asturias de Arquitectura<\/li>\n<li>Los premios de Arquitectura en Espa\u00f1a.| Jos\u00e9 Ram\u00f3n Alonso Pereira<\/li>\n<\/ul>\n<\/td>\n<\/tr>\n<tr>\n<td width=\"20\"><\/td>\n<td colspan=\"2\"><strong>Informaci\u00f3n en la\u00a0red:<\/strong><\/td>\n<\/tr>\n<tr>\n<td width=\"20\"><\/td>\n<td width=\"20\"><\/td>\n<td><\/td>\n<\/tr>\n<tr>\n<td width=\"20\"><\/td>\n<td colspan=\"2\"><strong>Descripci\u00f3n del proyecto:<\/strong><\/td>\n<\/tr>\n<tr>\n<td width=\"20\"><\/td>\n<td width=\"20\"><\/td>\n<td>Es una obra que est\u00e1 \u00abconsiderada como el paradigma de la recuperaci\u00f3n disciplinar en la Asturias de los ochenta\u00bb\u00b9, y es que desde finales de los 70 se produce una crisis est\u00e9tica\u00a0 a nivel internacional. Se produce entonces la b\u00fasqueda de un estilo que defina la arquitectura del momento.En este caso, para un edificio que alberga 20 viviendas, se realiz\u00f3 un dise\u00f1o muy sencillo, inspirado en las teor\u00edas de Rossi (arquitecto y te\u00f3rico italiano, que plantea en los 70 una teor\u00eda como posible recuperaci\u00f3n del estilo arquitect\u00f3nico y que en los a\u00f1os 80 sus ideas tuvieron gran acogida en Espa\u00f1a).<\/p>\n<p>La construcci\u00f3n es un volumen paralelep\u00edpedo de hormig\u00f3n pintado en blanco, con grandes huecos verticales modulados \u00a0y una cubierta a dos aguas, que hace de uni\u00f3n de los dos portales en los que se divide el edificio. Cada portal posee 4 viviendas similares por planta, y cada portal es sim\u00e9trico al otro, excepto en la planta baja donde uno de ellos no posee viviendas debido a la adaptaci\u00f3n al desnivel del terreno. En el medio se abre una calle que da luminosidad y permite la entrada a los portales. Este edificio realizado \u00abcon una inteligente econom\u00eda de medios y un adecuado empleo de materiales y color\u00bb\u00b2, no solo consigui\u00f3 una obra atemporal, tambi\u00e9n le permiti\u00f3 llevarse el Premio Asturias de Arquitectura en su primera edici\u00f3n.<\/p>\n<p>Omar Ro.Ma.<\/p>\n<p>\u00b9Jos\u00e9 Ram\u00f3n Alonso Pereira: \u00abLa Asturias contempor\u00e1nea 1975-1995\u00bb, Historia general de la arquitectura en Asturias, p\u00e1g.348, Oviedo, 1995<\/p>\n<p>\u00b2VV.AA. Acta del jurado de los I Premio Asturias de Arquitectura, Oviedo-Gij\u00f3n, 1983<\/td>\n<\/tr>\n<tr>\n<td width=\"20\"><\/td>\n<td colspan=\"2\"><b>Reportaje fotogr\u00e1fico:\u00a0<\/b><\/td>\n<\/tr>\n<tr>\n<td width=\"20\"><\/td>\n<td colspan=\"2\">\u00a0 \u00ba<a href=\"https:\/\/arquitecturadeasturias.com\/obras\/wp-content\/uploads\/2015\/10\/imagen_33_550.jpg\"><br \/>\n<\/a>\n\t\t<div id='gallery-25461' class='gallery carousel slide'> <div class='carousel-inner' data-interval='7000'><div class='item active'><img src='https:\/\/arquitecturadeasturias.com\/obras\/wp-content\/uploads\/2015\/10\/imagen_1_770.jpg' \/><span class='gallery-caption'><\/span><\/div><div class='item'><img src='https:\/\/arquitecturadeasturias.com\/obras\/wp-content\/uploads\/2015\/10\/imagen_22_550.jpg' \/><span class='gallery-caption'><\/span><\/div><div class='item'><img src='https:\/\/arquitecturadeasturias.com\/obras\/wp-content\/uploads\/2015\/10\/imagen_3_550.jpg' \/><span class='gallery-caption'><\/span><\/div><div class='item'><img src='https:\/\/arquitecturadeasturias.com\/obras\/wp-content\/uploads\/2015\/10\/imagen_2_550.jpg' \/><span class='gallery-caption'><\/span><\/div> <\/div><div class=\"carousel-nav\"><ul><\/ul><\/div><a class=\"carousel-control left\" href=\"#gallery-25461\" data-slide=\"prev\"><i class=\"icon-chevron-left\"><\/i><\/a>\r\n        <a class=\"carousel-control right\" href=\"#gallery-25461\" data-slide=\"next\"><i class=\"icon-chevron-right\"><\/i><\/a><\/div><\/td>\n<\/tr>\n<tr>\n<td width=\"20\"><\/td>\n<td colspan=\"2\"><strong>Planos: <\/strong>\u00abCota cero\u00bb<\/td>\n<\/tr>\n<tr>\n<td width=\"20\"><\/td>\n<td colspan=\"2\">\n\t\t<div id='gallery-254613' class='gallery carousel slide'> <div class='carousel-inner' data-interval='7000'><div class='item active'><img src='https:\/\/arquitecturadeasturias.com\/obras\/wp-content\/uploads\/2015\/10\/planta.jpg' \/><span class='gallery-caption'><\/span><\/div><div class='item'><img src='https:\/\/arquitecturadeasturias.com\/obras\/wp-content\/uploads\/2015\/10\/alzado3_550.jpg' \/><span class='gallery-caption'><\/span><\/div><div class='item'><img src='https:\/\/arquitecturadeasturias.com\/obras\/wp-content\/uploads\/2015\/10\/alzado1_550.jpg' \/><span class='gallery-caption'><\/span><\/div><div class='item'><img src='https:\/\/arquitecturadeasturias.com\/obras\/wp-content\/uploads\/2015\/10\/alzado2_550.jpg' \/><span class='gallery-caption'><\/span><\/div> <\/div><div class=\"carousel-nav\"><ul><\/ul><\/div><a class=\"carousel-control left\" href=\"#gallery-254613\" data-slide=\"prev\"><i class=\"icon-chevron-left\"><\/i><\/a>\r\n        <a class=\"carousel-control right\" href=\"#gallery-254613\" data-slide=\"next\"><i class=\"icon-chevron-right\"><\/i><\/a><\/div><\/td>\n<\/tr>\n<\/tbody>\n<\/table>\n","protected":false},"excerpt":{"rendered":"<p>COAA 25 Aniversario Premio Asturias de la Arquitectura. Obra: \u00a0Casa Cuartel de la Guardia Civil de Piedras Blancas Arquitecto: \u00a0Jos\u00e9\u00a0Manuel Caicoya Rodr\u00edguez y Manuel Garc\u00eda Garc\u00eda Localidad: \u00a0Piedras Blancas Ayuntamiento: \u00a0Castrill\u00f3n A\u00f1o: \u00a01982 Geolocalizaci\u00f3n: 43.567-5.976 Otros Datos: Premios: \u00a0Premio Asturias de la Arquitectura 1983 Publicaciones: COAA 25 Aniversario Premio Asturias de Arquitectura Los premios de<a href=\"https:\/\/arquitecturadeasturias.com\/obras\/casa-cuartel-de-la-guardia-civil-de-piedras-blancas\/\" title=\"Read more\" >&#8230;<\/a><\/p>\n","protected":false},"author":8,"featured_media":2551,"comment_status":"closed","ping_status":"closed","sticky":false,"template":"","format":"standard","meta":[],"categories":[1,114],"tags":[],"yoast_head":"<!-- This site is optimized with the Yoast SEO plugin v19.4 - https:\/\/yoast.com\/wordpress\/plugins\/seo\/ -->\n<title>Casa Cuartel de la Guardia Civil de Piedras Blancas - A-A<\/title>\n<meta name=\"robots\" content=\"index, follow, max-snippet:-1, max-image-preview:large, max-video-preview:-1\" \/>\n<link rel=\"canonical\" href=\"https:\/\/arquitecturadeasturias.com\/obras\/casa-cuartel-de-la-guardia-civil-de-piedras-blancas\/\" \/>\n<meta property=\"og:locale\" content=\"es_ES\" \/>\n<meta property=\"og:type\" content=\"article\" \/>\n<meta property=\"og:title\" content=\"Casa Cuartel de la Guardia Civil de Piedras Blancas - A-A\" \/>\n<meta property=\"og:description\" content=\"COAA 25 Aniversario Premio Asturias de la Arquitectura. Obra: \u00a0Casa Cuartel de la Guardia Civil de Piedras Blancas Arquitecto: \u00a0Jos\u00e9\u00a0Manuel Caicoya Rodr\u00edguez y Manuel Garc\u00eda Garc\u00eda Localidad: \u00a0Piedras Blancas Ayuntamiento: \u00a0Castrill\u00f3n A\u00f1o: \u00a01982 Geolocalizaci\u00f3n: 43.567-5.976 Otros Datos: Premios: \u00a0Premio Asturias de la Arquitectura 1983 Publicaciones: COAA 25 Aniversario Premio Asturias de Arquitectura Los premios de...\" \/>\n<meta property=\"og:url\" content=\"https:\/\/arquitecturadeasturias.com\/obras\/casa-cuartel-de-la-guardia-civil-de-piedras-blancas\/\" \/>\n<meta property=\"og:site_name\" content=\"A-A\" \/>\n<meta property=\"article:published_time\" content=\"2015-10-15T16:00:40+00:00\" \/>\n<meta property=\"article:modified_time\" content=\"2015-10-15T13:39:17+00:00\" \/>\n<meta property=\"og:image\" content=\"https:\/\/arquitecturadeasturias.com\/obras\/wp-content\/uploads\/2015\/10\/imagen_33_550.jpg\" \/>\n\t<meta property=\"og:image:width\" content=\"550\" \/>\n\t<meta property=\"og:image:height\" content=\"825\" \/>\n\t<meta property=\"og:image:type\" content=\"image\/jpeg\" \/>\n<meta name=\"author\" content=\"Andrea Alvarez\" \/>\n<meta name=\"twitter:label1\" content=\"Escrito por\" \/>\n\t<meta name=\"twitter:data1\" content=\"Andrea Alvarez\" \/>\n\t<meta name=\"twitter:label2\" content=\"Tiempo de lectura\" \/>\n\t<meta name=\"twitter:data2\" content=\"2 minutos\" \/>\n<script type=\"application\/ld+json\" class=\"yoast-schema-graph\">{\"@context\":\"https:\/\/schema.org\",\"@graph\":[{\"@type\":\"WebSite\",\"@id\":\"https:\/\/arquitecturadeasturias.com\/obras\/#website\",\"url\":\"https:\/\/arquitecturadeasturias.com\/obras\/\",\"name\":\"A-A\",\"description\":\"Arquitectura de Asturias\",\"potentialAction\":[{\"@type\":\"SearchAction\",\"target\":{\"@type\":\"EntryPoint\",\"urlTemplate\":\"https:\/\/arquitecturadeasturias.com\/obras\/?s={search_term_string}\"},\"query-input\":\"required name=search_term_string\"}],\"inLanguage\":\"es\"},{\"@type\":\"WebPage\",\"@id\":\"https:\/\/arquitecturadeasturias.com\/obras\/casa-cuartel-de-la-guardia-civil-de-piedras-blancas\/\",\"url\":\"https:\/\/arquitecturadeasturias.com\/obras\/casa-cuartel-de-la-guardia-civil-de-piedras-blancas\/\",\"name\":\"Casa Cuartel de la Guardia Civil de Piedras Blancas - A-A\",\"isPartOf\":{\"@id\":\"https:\/\/arquitecturadeasturias.com\/obras\/#website\"},\"datePublished\":\"2015-10-15T16:00:40+00:00\",\"dateModified\":\"2015-10-15T13:39:17+00:00\",\"author\":{\"@id\":\"https:\/\/arquitecturadeasturias.com\/obras\/#\/schema\/person\/f37b95bfa9cd48bf065b37227259101e\"},\"breadcrumb\":{\"@id\":\"https:\/\/arquitecturadeasturias.com\/obras\/casa-cuartel-de-la-guardia-civil-de-piedras-blancas\/#breadcrumb\"},\"inLanguage\":\"es\",\"potentialAction\":[{\"@type\":\"ReadAction\",\"target\":[\"https:\/\/arquitecturadeasturias.com\/obras\/casa-cuartel-de-la-guardia-civil-de-piedras-blancas\/\"]}]},{\"@type\":\"BreadcrumbList\",\"@id\":\"https:\/\/arquitecturadeasturias.com\/obras\/casa-cuartel-de-la-guardia-civil-de-piedras-blancas\/#breadcrumb\",\"itemListElement\":[{\"@type\":\"ListItem\",\"position\":1,\"name\":\"Portada\",\"item\":\"https:\/\/arquitecturadeasturias.com\/obras\/\"},{\"@type\":\"ListItem\",\"position\":2,\"name\":\"Casa Cuartel de la Guardia Civil de Piedras Blancas\"}]},{\"@type\":\"Person\",\"@id\":\"https:\/\/arquitecturadeasturias.com\/obras\/#\/schema\/person\/f37b95bfa9cd48bf065b37227259101e\",\"name\":\"Andrea Alvarez\",\"image\":{\"@type\":\"ImageObject\",\"inLanguage\":\"es\",\"@id\":\"https:\/\/arquitecturadeasturias.com\/obras\/#\/schema\/person\/image\/\",\"url\":\"https:\/\/secure.gravatar.com\/avatar\/60c3fd73dbf85a6417e2c19c1dbd5df2?s=96&d=identicon&r=g\",\"contentUrl\":\"https:\/\/secure.gravatar.com\/avatar\/60c3fd73dbf85a6417e2c19c1dbd5df2?s=96&d=identicon&r=g\",\"caption\":\"Andrea Alvarez\"},\"url\":\"https:\/\/arquitecturadeasturias.com\/obras\/author\/andrea-alvarez\/\"}]}<\/script>\n<!-- \/ Yoast SEO plugin. -->","yoast_head_json":{"title":"Casa Cuartel de la Guardia Civil de Piedras Blancas - A-A","robots":{"index":"index","follow":"follow","max-snippet":"max-snippet:-1","max-image-preview":"max-image-preview:large","max-video-preview":"max-video-preview:-1"},"canonical":"https:\/\/arquitecturadeasturias.com\/obras\/casa-cuartel-de-la-guardia-civil-de-piedras-blancas\/","og_locale":"es_ES","og_type":"article","og_title":"Casa Cuartel de la Guardia Civil de Piedras Blancas - A-A","og_description":"COAA 25 Aniversario Premio Asturias de la Arquitectura. Obra: \u00a0Casa Cuartel de la Guardia Civil de Piedras Blancas Arquitecto: \u00a0Jos\u00e9\u00a0Manuel Caicoya Rodr\u00edguez y Manuel Garc\u00eda Garc\u00eda Localidad: \u00a0Piedras Blancas Ayuntamiento: \u00a0Castrill\u00f3n A\u00f1o: \u00a01982 Geolocalizaci\u00f3n: 43.567-5.976 Otros Datos: Premios: \u00a0Premio Asturias de la Arquitectura 1983 Publicaciones: COAA 25 Aniversario Premio Asturias de Arquitectura Los premios de...","og_url":"https:\/\/arquitecturadeasturias.com\/obras\/casa-cuartel-de-la-guardia-civil-de-piedras-blancas\/","og_site_name":"A-A","article_published_time":"2015-10-15T16:00:40+00:00","article_modified_time":"2015-10-15T13:39:17+00:00","og_image":[{"width":550,"height":825,"url":"https:\/\/arquitecturadeasturias.com\/obras\/wp-content\/uploads\/2015\/10\/imagen_33_550.jpg","type":"image\/jpeg"}],"author":"Andrea Alvarez","twitter_misc":{"Escrito por":"Andrea Alvarez","Tiempo de lectura":"2 minutos"},"schema":{"@context":"https:\/\/schema.org","@graph":[{"@type":"WebSite","@id":"https:\/\/arquitecturadeasturias.com\/obras\/#website","url":"https:\/\/arquitecturadeasturias.com\/obras\/","name":"A-A","description":"Arquitectura de Asturias","potentialAction":[{"@type":"SearchAction","target":{"@type":"EntryPoint","urlTemplate":"https:\/\/arquitecturadeasturias.com\/obras\/?s={search_term_string}"},"query-input":"required name=search_term_string"}],"inLanguage":"es"},{"@type":"WebPage","@id":"https:\/\/arquitecturadeasturias.com\/obras\/casa-cuartel-de-la-guardia-civil-de-piedras-blancas\/","url":"https:\/\/arquitecturadeasturias.com\/obras\/casa-cuartel-de-la-guardia-civil-de-piedras-blancas\/","name":"Casa Cuartel de la Guardia Civil de Piedras Blancas - A-A","isPartOf":{"@id":"https:\/\/arquitecturadeasturias.com\/obras\/#website"},"datePublished":"2015-10-15T16:00:40+00:00","dateModified":"2015-10-15T13:39:17+00:00","author":{"@id":"https:\/\/arquitecturadeasturias.com\/obras\/#\/schema\/person\/f37b95bfa9cd48bf065b37227259101e"},"breadcrumb":{"@id":"https:\/\/arquitecturadeasturias.com\/obras\/casa-cuartel-de-la-guardia-civil-de-piedras-blancas\/#breadcrumb"},"inLanguage":"es","potentialAction":[{"@type":"ReadAction","target":["https:\/\/arquitecturadeasturias.com\/obras\/casa-cuartel-de-la-guardia-civil-de-piedras-blancas\/"]}]},{"@type":"BreadcrumbList","@id":"https:\/\/arquitecturadeasturias.com\/obras\/casa-cuartel-de-la-guardia-civil-de-piedras-blancas\/#breadcrumb","itemListElement":[{"@type":"ListItem","position":1,"name":"Portada","item":"https:\/\/arquitecturadeasturias.com\/obras\/"},{"@type":"ListItem","position":2,"name":"Casa Cuartel de la Guardia Civil de Piedras Blancas"}]},{"@type":"Person","@id":"https:\/\/arquitecturadeasturias.com\/obras\/#\/schema\/person\/f37b95bfa9cd48bf065b37227259101e","name":"Andrea Alvarez","image":{"@type":"ImageObject","inLanguage":"es","@id":"https:\/\/arquitecturadeasturias.com\/obras\/#\/schema\/person\/image\/","url":"https:\/\/secure.gravatar.com\/avatar\/60c3fd73dbf85a6417e2c19c1dbd5df2?s=96&d=identicon&r=g","contentUrl":"https:\/\/secure.gravatar.com\/avatar\/60c3fd73dbf85a6417e2c19c1dbd5df2?s=96&d=identicon&r=g","caption":"Andrea Alvarez"},"url":"https:\/\/arquitecturadeasturias.com\/obras\/author\/andrea-alvarez\/"}]}},"_links":{"self":[{"href":"https:\/\/arquitecturadeasturias.com\/obras\/wp-json\/wp\/v2\/posts\/2546"}],"collection":[{"href":"https:\/\/arquitecturadeasturias.com\/obras\/wp-json\/wp\/v2\/posts"}],"about":[{"href":"https:\/\/arquitecturadeasturias.com\/obras\/wp-json\/wp\/v2\/types\/post"}],"author":[{"embeddable":true,"href":"https:\/\/arquitecturadeasturias.com\/obras\/wp-json\/wp\/v2\/users\/8"}],"replies":[{"embeddable":true,"href":"https:\/\/arquitecturadeasturias.com\/obras\/wp-json\/wp\/v2\/comments?post=2546"}],"version-history":[{"count":9,"href":"https:\/\/arquitecturadeasturias.com\/obras\/wp-json\/wp\/v2\/posts\/2546\/revisions"}],"predecessor-version":[{"id":2564,"href":"https:\/\/arquitecturadeasturias.com\/obras\/wp-json\/wp\/v2\/posts\/2546\/revisions\/2564"}],"wp:featuredmedia":[{"embeddable":true,"href":"https:\/\/arquitecturadeasturias.com\/obras\/wp-json\/wp\/v2\/media\/2551"}],"wp:attachment":[{"href":"https:\/\/arquitecturadeasturias.com\/obras\/wp-json\/wp\/v2\/media?parent=2546"}],"wp:term":[{"taxonomy":"category","embeddable":true,"href":"https:\/\/arquitecturadeasturias.com\/obras\/wp-json\/wp\/v2\/categories?post=2546"},{"taxonomy":"post_tag","embeddable":true,"href":"https:\/\/arquitecturadeasturias.com\/obras\/wp-json\/wp\/v2\/tags?post=2546"}],"curies":[{"name":"wp","href":"https:\/\/api.w.org\/{rel}","templated":true}]}}