{"id":3232,"date":"2016-02-24T16:15:08","date_gmt":"2016-02-24T15:15:08","guid":{"rendered":"http:\/\/arquitecturadeasturias.com\/obras\/?p=3232"},"modified":"2016-10-07T18:48:02","modified_gmt":"2016-10-07T17:48:02","slug":"edificio-de-recepcion-y-vestuarios-del-parque-de-aventuras-selva-asturiana","status":"publish","type":"post","link":"https:\/\/arquitecturadeasturias.com\/obras\/edificio-de-recepcion-y-vestuarios-del-parque-de-aventuras-selva-asturiana\/","title":{"rendered":"Edificio de recepci\u00f3n y vestuarios del parque de aventuras Selva Asturiana"},"content":{"rendered":"<p><a href=\"https:\/\/arquitecturadeasturias.com\/obras\/wp-content\/uploads\/2016\/02\/Arquitectura-de-Asturias-PABELL\u00d3N-BIENVENIDA-071.jpg\"><img loading=\"lazy\" class=\"alignnone size-full wp-image-3236\" src=\"https:\/\/arquitecturadeasturias.com\/obras\/wp-content\/uploads\/2016\/02\/Arquitectura-de-Asturias-PABELL\u00d3N-BIENVENIDA-071.jpg\" alt=\"Arquitectura de Asturias PABELL\u00d3N BIENVENIDA 07\" width=\"660\" height=\"440\" \/><\/a><\/p>\n<h5 style=\"text-align: right;\"><\/h5>\n<table class=\"aligncenter\" border=\"0\" width=\"620\" cellspacing=\"0\" cellpadding=\"0\">\n<tbody>\n<tr>\n<td width=\"180\"><strong>Obra:<\/strong><\/td>\n<td>\u00a0Edificio de recepci\u00f3n y vestuarios del parque de aventuras<br \/>\n\u201cSelva Asturiana \u2013 Aventura en Bolao\u201d.<\/td>\n<\/tr>\n<tr>\n<td><strong>Arquitecto:<\/strong><\/td>\n<td>\u00a0Carlos Berm\u00fadez | Diana Hernando | Jos\u00e9 Mar\u00eda Guiti\u00e1n\u00a0|\u00a0Andr\u00e9s Hern\u00e1ndez<\/td>\n<\/tr>\n<tr>\n<td><strong>Localidad:<\/strong><\/td>\n<td>\u00a0Llanes<\/td>\n<\/tr>\n<tr>\n<td><strong>Ayuntamiento:<\/strong><\/td>\n<td>\u00a0Llanes<\/td>\n<\/tr>\n<tr>\n<td><strong>A\u00f1o:<\/strong><\/td>\n<td>\u00a02015<\/td>\n<\/tr>\n<tr>\n<td><strong>Geolocalizaci\u00f3n:<\/strong><\/td>\n<td><strong>\u00a0<a href=\"https:\/\/fusiontables.google.com\/embedviz?q=select+col6+from+1InU4j1en-gRMKYhwLG5Jml-HUrpJQ44KqowJKWPY+where+col1+in+('Centro+de+Recepci%C3%B3n+de+Visitantes%22+Alejandro+Casona%22'%2C+'Edificio+de+recepci%C3%B3n+y+vestuarios+del+parque+de+aventuras+Selva+Asturiana')+and+col2+%3D+'Carlos+Berm%C3%BAdez+%7C+Diana+Hernando+%7C+Jos%C3%A9+Mar%C3%ADa+Guiti%C3%A1n+%7C+Andr%C3%A9s+Hern%C3%A1ndez'&amp;viz=MAP&amp;h=false&amp;lat=43.402673988389054&amp;lng=-364.765134692865&amp;t=3&amp;z=18&amp;l=col6&amp;y=2&amp;tmplt=3&amp;hml=GEOCODABLE\">43.399, -4.764<\/a><\/strong><\/td>\n<\/tr>\n<\/tbody>\n<\/table>\n<table class=\" aligncenter\" border=\"0\" width=\"620\" cellspacing=\"0\" cellpadding=\"0\">\n<tbody>\n<tr>\n<td colspan=\"3\"><strong>Otros Datos:<\/strong><\/td>\n<\/tr>\n<tr>\n<td width=\"20\"><\/td>\n<td colspan=\"2\"><strong>Premios:<\/strong><\/td>\n<\/tr>\n<tr>\n<td width=\"20\"><\/td>\n<td width=\"20\"><\/td>\n<td width=\"580\"><\/td>\n<\/tr>\n<tr>\n<td width=\"20\"><\/td>\n<td colspan=\"2\"><strong>Publicaciones:<\/strong><\/td>\n<\/tr>\n<tr>\n<td width=\"20\"><\/td>\n<td width=\"20\"><\/td>\n<td><\/td>\n<\/tr>\n<tr>\n<td width=\"20\"><\/td>\n<td colspan=\"2\"><strong>Informaci\u00f3n en la\u00a0red:\u00a0<\/strong><\/td>\n<\/tr>\n<tr>\n<td width=\"20\"><\/td>\n<td width=\"20\"><\/td>\n<td>\n<ul>\n<ul>\n<li><a href=\"https:\/\/estudiobher.wordpress.com\/\">Estudio bher (web)<\/a><\/li>\n<li><a href=\"http:\/\/selvaasturiana.com\/\">Selva Asturiana &#8211; Aventura\u00a0en Llanes\u00a0(web)<\/a><\/li>\n<li><a href=\"https:\/\/www.tripadvisor.es\/Attraction_Review-g2423048-d8492515-Reviews-Selva_Asturiana_Aventura_en_Llanes-La_Pereda_Llanes_Asturias.html\">Selva Asturiana &#8211; Aventura en Llanes (tripadvisor)<\/a><\/li>\n<\/ul>\n<\/ul>\n<p>&nbsp;<\/td>\n<\/tr>\n<tr>\n<td width=\"20\"><\/td>\n<td colspan=\"2\"><strong><strong>Descripci\u00f3n del proyecto: \u00a0<\/strong><\/strong><\/td>\n<\/tr>\n<tr>\n<td width=\"20\"><\/td>\n<td width=\"20\"><\/td>\n<td style=\"text-align: justify;\">El edificio de recepci\u00f3n y vestuarios forma parte de una intervenci\u00f3n m\u00e1s amplia que recupera una parcela boscosa degradada de 7 hect\u00e1reas para convertirla en parque de aventuras y espacio divulgativo de la naturaleza asturiana.\u00a0Se trata de una zona de gran diversidad de flora y fauna, y en la que se ubica la boca de la Cueva de la Herrer\u00eda (B.I.C.), con pinturas rupestres y actualmente cerrada.La construcci\u00f3n se concibe por ello como un elemento respetuoso que debe mimetizarse con el entorno, camuflarse en \u00e9l y no da\u00f1arlo. Con la sostenibilidad ecol\u00f3gica como premisa principal, el pabell\u00f3n\u00a0se distancia del suelo, sin posarse, para no entorpecer el curso de la naturaleza ni dejar cicatrices, siendo su forma respuesta a la vegetaci\u00f3n y los \u00e1rboles existentes.Se trata de una construcci\u00f3n de una sola planta que, desde un punto central, crece modularmente en tres brazos distintos que albergan los espacios cerrados del programa propuesto.Dise\u00f1ado con la repetici\u00f3n de un \u00fanico m\u00f3dulo, est\u00e1 pensando para admitir su ejecuci\u00f3n en fases independientes acordes a las necesidades del parque, ampli\u00e1ndose mediante sistemas de colonizaci\u00f3n progresiva, y contemplando incluso su posible desaparici\u00f3n.<\/p>\n<p>La construcci\u00f3n est\u00e1 basada en su mayor\u00eda en t\u00e9cnicas \u201cen seco\u201d, que suponen un menor perjuicio para el entorno, as\u00ed como cualquier reversi\u00f3n y reciclaje futuros.\u00a0Adem\u00e1s,\u00a0admite la prefabricaci\u00f3n completa de sus elementos en taller, y al mismo tiempo su desmontaje.<\/p>\n<p>Respecto a la imagen\u00a0exterior, es premisa de proyecto el \u201ccamuflaje\u201d del edificio en su entorno, por lo que los acabados de todos sus cerramientos se plantean con materiales verdes.<\/p>\n<p>Los materiales principales son la madera, el acero y la propia naturaleza, que se convierte en imagen de la construcci\u00f3n: la cubierta es vegetal y el acabado de las fachadas se resuelve con bastidores met\u00e1licos que el usuario del edificio rellena con materia recuperada del bosque. Se introduce as\u00ed el factor tiempo en la construcci\u00f3n, as\u00ed como su integraci\u00f3n est\u00e9tica siguiendo los propios ciclos estacionales del a\u00f1o.<\/p>\n<p>&nbsp;<\/td>\n<\/tr>\n<tr>\n<td width=\"20\"><\/td>\n<td colspan=\"2\"><b><b><b>Reportaje fotogr\u00e1fico:<\/b><\/b><\/b>\u00a0Estudio Bher Arquitectos e Iv\u00e1n Remis<\/td>\n<\/tr>\n<tr>\n<td width=\"20\"><\/td>\n<td colspan=\"2\">\n\t\t<div id='gallery-323211' class='gallery carousel slide'> <div class='carousel-inner' data-interval='7000'><div class='item active'><img src='https:\/\/arquitecturadeasturias.com\/obras\/wp-content\/uploads\/2016\/02\/Arquitectura-de-Asturias-PABELL\u00d3N-BIENVENIDA-02.jpg' \/><span class='gallery-caption'><\/span><\/div><div class='item'><img src='https:\/\/arquitecturadeasturias.com\/obras\/wp-content\/uploads\/2016\/02\/Arquitectura-de-Asturias-PABELL\u00d3N-BIENVENIDA-01.jpg' \/><span class='gallery-caption'><\/span><\/div><div class='item'><img src='https:\/\/arquitecturadeasturias.com\/obras\/wp-content\/uploads\/2016\/02\/Arquitectura-de-Asturias-PABELL\u00d3N-BIENVENIDA-04.jpg' \/><span class='gallery-caption'><\/span><\/div><div class='item'><img src='https:\/\/arquitecturadeasturias.com\/obras\/wp-content\/uploads\/2016\/02\/Arquitectura-de-Asturias-PABELL\u00d3N-BIENVENIDA-06.jpg' \/><span class='gallery-caption'><\/span><\/div><div class='item'><img src='https:\/\/arquitecturadeasturias.com\/obras\/wp-content\/uploads\/2016\/02\/Arquitectura-de-Asturias-PABELL\u00d3N-BIENVENIDA-05.jpg' \/><span class='gallery-caption'><\/span><\/div><div class='item'><img src='https:\/\/arquitecturadeasturias.com\/obras\/wp-content\/uploads\/2016\/02\/Arquitectura-de-Asturias-PABELL\u00d3N-BIENVENIDA-10.jpg' \/><span class='gallery-caption'><\/span><\/div><div class='item'><img src='https:\/\/arquitecturadeasturias.com\/obras\/wp-content\/uploads\/2016\/02\/Arquitectura-de-Asturias-PABELL\u00d3N-BIENVENIDA-09.jpg' \/><span class='gallery-caption'><\/span><\/div><div class='item'><img src='https:\/\/arquitecturadeasturias.com\/obras\/wp-content\/uploads\/2016\/02\/Arquitectura-de-Asturias-PABELL\u00d3N-BIENVENIDA-08.jpg' \/><span class='gallery-caption'><\/span><\/div><div class='item'><img src='https:\/\/arquitecturadeasturias.com\/obras\/wp-content\/uploads\/2016\/02\/Arquitectura-de-Asturias-PABELL\u00d3N-BIENVENIDA-03.jpg' \/><span class='gallery-caption'><\/span><\/div><div class='item'><img src='https:\/\/arquitecturadeasturias.com\/obras\/wp-content\/uploads\/2016\/02\/Arquitectura-de-Asturias-PABELL\u00d3N-BIENVENIDA-07.jpg' \/><span class='gallery-caption'><\/span><\/div> <\/div><div class=\"carousel-nav\"><ul><\/ul><\/div><a class=\"carousel-control left\" href=\"#gallery-323211\" data-slide=\"prev\"><i class=\"icon-chevron-left\"><\/i><\/a>\r\n        <a class=\"carousel-control right\" href=\"#gallery-323211\" data-slide=\"next\"><i class=\"icon-chevron-right\"><\/i><\/a><\/div><\/td>\n<\/tr>\n<tr>\n<td width=\"20\"><\/td>\n<td colspan=\"2\"><strong><strong>Planos:\u00a0<\/strong><\/strong><\/td>\n<\/tr>\n<tr>\n<td width=\"20\"><\/td>\n<td colspan=\"2\">\n\t\t<div id='gallery-32328' class='gallery carousel slide'> <div class='carousel-inner' data-interval='7000'><div class='item active'><img src='https:\/\/arquitecturadeasturias.com\/obras\/wp-content\/uploads\/2016\/02\/Arquitectura-de-Asturias-PABELL\u00d3N-BIENVENIDA-Planta.jpg' \/><span class='gallery-caption'><\/span><\/div><div class='item'><img src='https:\/\/arquitecturadeasturias.com\/obras\/wp-content\/uploads\/2016\/02\/Arquitectura-de-Asturias-PABELL\u00d3N-BIENVENIDA-Alzado.jpg' \/><span class='gallery-caption'><\/span><\/div><div class='item'><img src='https:\/\/arquitecturadeasturias.com\/obras\/wp-content\/uploads\/2016\/02\/Arquitectura-de-Asturias-PABELL\u00d3N-BIENVENIDA-Parque.jpg' \/><span class='gallery-caption'><\/span><\/div> <\/div><div class=\"carousel-nav\"><ul><\/ul><\/div><a class=\"carousel-control left\" href=\"#gallery-32328\" data-slide=\"prev\"><i class=\"icon-chevron-left\"><\/i><\/a>\r\n        <a class=\"carousel-control right\" href=\"#gallery-32328\" data-slide=\"next\"><i class=\"icon-chevron-right\"><\/i><\/a><\/div><\/td>\n<\/tr>\n<\/tbody>\n<\/table>\n<p>&nbsp;<\/p>\n","protected":false},"excerpt":{"rendered":"<p>Carlos Berm\u00fadez | Diana Hernando | Jos\u00e9 Mar\u00eda Guiti\u00e1n | Andr\u00e9s Hern\u00e1ndez. Llanes, 2015.<br \/>\n        El edificio de recepci\u00f3n y vestuarios forma parte de una intervenci\u00f3n m\u00e1s amplia que recupera una parcela boscosa degradada de 7 hect\u00e1reas para convertirla en parque de aventuras y espacio divulgativo de la naturaleza asturiana.<\/p>\n","protected":false},"author":11,"featured_media":3234,"comment_status":"closed","ping_status":"closed","sticky":false,"template":"","format":"standard","meta":[],"categories":[222,174,154,372,252,350,197],"tags":[],"yoast_head":"<!-- This site is optimized with the Yoast SEO plugin v19.4 - https:\/\/yoast.com\/wordpress\/plugins\/seo\/ -->\n<title>Edificio de recepci\u00f3n y vestuarios del parque de aventuras Selva Asturiana - A-A<\/title>\n<meta name=\"robots\" content=\"index, follow, max-snippet:-1, max-image-preview:large, max-video-preview:-1\" \/>\n<link rel=\"canonical\" href=\"https:\/\/arquitecturadeasturias.com\/obras\/edificio-de-recepcion-y-vestuarios-del-parque-de-aventuras-selva-asturiana\/\" \/>\n<meta property=\"og:locale\" content=\"es_ES\" \/>\n<meta property=\"og:type\" content=\"article\" \/>\n<meta property=\"og:title\" content=\"Edificio de recepci\u00f3n y vestuarios del parque de aventuras Selva Asturiana - A-A\" \/>\n<meta property=\"og:description\" content=\"Carlos Berm\u00fadez | Diana Hernando | Jos\u00e9 Mar\u00eda Guiti\u00e1n | Andr\u00e9s Hern\u00e1ndez. Llanes, 2015.     El edificio de recepci\u00f3n y vestuarios forma parte de una intervenci\u00f3n m\u00e1s amplia que recupera una parcela boscosa degradada de 7 hect\u00e1reas para convertirla en parque de aventuras y espacio divulgativo de la naturaleza asturiana.\" \/>\n<meta property=\"og:url\" content=\"https:\/\/arquitecturadeasturias.com\/obras\/edificio-de-recepcion-y-vestuarios-del-parque-de-aventuras-selva-asturiana\/\" \/>\n<meta property=\"og:site_name\" content=\"A-A\" \/>\n<meta property=\"article:published_time\" content=\"2016-02-24T15:15:08+00:00\" \/>\n<meta property=\"article:modified_time\" content=\"2016-10-07T17:48:02+00:00\" \/>\n<meta property=\"og:image\" content=\"https:\/\/arquitecturadeasturias.com\/obras\/wp-content\/uploads\/2016\/02\/Arquitectura-de-Asturias-PABELL\u00d3N-BIENVENIDA-07.jpg\" \/>\n\t<meta property=\"og:image:width\" content=\"660\" \/>\n\t<meta property=\"og:image:height\" content=\"440\" \/>\n\t<meta property=\"og:image:type\" content=\"image\/jpeg\" \/>\n<meta name=\"author\" content=\"Silvia MRiesgo\" \/>\n<meta name=\"twitter:label1\" content=\"Escrito por\" \/>\n\t<meta name=\"twitter:data1\" content=\"Silvia MRiesgo\" \/>\n\t<meta name=\"twitter:label2\" content=\"Tiempo de lectura\" \/>\n\t<meta name=\"twitter:data2\" content=\"2 minutos\" \/>\n<script type=\"application\/ld+json\" class=\"yoast-schema-graph\">{\"@context\":\"https:\/\/schema.org\",\"@graph\":[{\"@type\":\"WebSite\",\"@id\":\"https:\/\/arquitecturadeasturias.com\/obras\/#website\",\"url\":\"https:\/\/arquitecturadeasturias.com\/obras\/\",\"name\":\"A-A\",\"description\":\"Arquitectura de Asturias\",\"potentialAction\":[{\"@type\":\"SearchAction\",\"target\":{\"@type\":\"EntryPoint\",\"urlTemplate\":\"https:\/\/arquitecturadeasturias.com\/obras\/?s={search_term_string}\"},\"query-input\":\"required name=search_term_string\"}],\"inLanguage\":\"es\"},{\"@type\":\"WebPage\",\"@id\":\"https:\/\/arquitecturadeasturias.com\/obras\/edificio-de-recepcion-y-vestuarios-del-parque-de-aventuras-selva-asturiana\/\",\"url\":\"https:\/\/arquitecturadeasturias.com\/obras\/edificio-de-recepcion-y-vestuarios-del-parque-de-aventuras-selva-asturiana\/\",\"name\":\"Edificio de recepci\u00f3n y vestuarios del parque de aventuras Selva Asturiana - A-A\",\"isPartOf\":{\"@id\":\"https:\/\/arquitecturadeasturias.com\/obras\/#website\"},\"datePublished\":\"2016-02-24T15:15:08+00:00\",\"dateModified\":\"2016-10-07T17:48:02+00:00\",\"author\":{\"@id\":\"https:\/\/arquitecturadeasturias.com\/obras\/#\/schema\/person\/ab4deab1afb797516e1c82d97e7a266f\"},\"breadcrumb\":{\"@id\":\"https:\/\/arquitecturadeasturias.com\/obras\/edificio-de-recepcion-y-vestuarios-del-parque-de-aventuras-selva-asturiana\/#breadcrumb\"},\"inLanguage\":\"es\",\"potentialAction\":[{\"@type\":\"ReadAction\",\"target\":[\"https:\/\/arquitecturadeasturias.com\/obras\/edificio-de-recepcion-y-vestuarios-del-parque-de-aventuras-selva-asturiana\/\"]}]},{\"@type\":\"BreadcrumbList\",\"@id\":\"https:\/\/arquitecturadeasturias.com\/obras\/edificio-de-recepcion-y-vestuarios-del-parque-de-aventuras-selva-asturiana\/#breadcrumb\",\"itemListElement\":[{\"@type\":\"ListItem\",\"position\":1,\"name\":\"Portada\",\"item\":\"https:\/\/arquitecturadeasturias.com\/obras\/\"},{\"@type\":\"ListItem\",\"position\":2,\"name\":\"Edificio de recepci\u00f3n y vestuarios del parque de aventuras Selva Asturiana\"}]},{\"@type\":\"Person\",\"@id\":\"https:\/\/arquitecturadeasturias.com\/obras\/#\/schema\/person\/ab4deab1afb797516e1c82d97e7a266f\",\"name\":\"Silvia MRiesgo\",\"image\":{\"@type\":\"ImageObject\",\"inLanguage\":\"es\",\"@id\":\"https:\/\/arquitecturadeasturias.com\/obras\/#\/schema\/person\/image\/\",\"url\":\"https:\/\/secure.gravatar.com\/avatar\/f3b71eb75ac0fb8085aadda306c8b240?s=96&d=identicon&r=g\",\"contentUrl\":\"https:\/\/secure.gravatar.com\/avatar\/f3b71eb75ac0fb8085aadda306c8b240?s=96&d=identicon&r=g\",\"caption\":\"Silvia MRiesgo\"},\"url\":\"https:\/\/arquitecturadeasturias.com\/obras\/author\/silvia-mriesgo\/\"}]}<\/script>\n<!-- \/ Yoast SEO plugin. -->","yoast_head_json":{"title":"Edificio de recepci\u00f3n y vestuarios del parque de aventuras Selva Asturiana - A-A","robots":{"index":"index","follow":"follow","max-snippet":"max-snippet:-1","max-image-preview":"max-image-preview:large","max-video-preview":"max-video-preview:-1"},"canonical":"https:\/\/arquitecturadeasturias.com\/obras\/edificio-de-recepcion-y-vestuarios-del-parque-de-aventuras-selva-asturiana\/","og_locale":"es_ES","og_type":"article","og_title":"Edificio de recepci\u00f3n y vestuarios del parque de aventuras Selva Asturiana - A-A","og_description":"Carlos Berm\u00fadez | Diana Hernando | Jos\u00e9 Mar\u00eda Guiti\u00e1n | Andr\u00e9s Hern\u00e1ndez. Llanes, 2015.     El edificio de recepci\u00f3n y vestuarios forma parte de una intervenci\u00f3n m\u00e1s amplia que recupera una parcela boscosa degradada de 7 hect\u00e1reas para convertirla en parque de aventuras y espacio divulgativo de la naturaleza asturiana.","og_url":"https:\/\/arquitecturadeasturias.com\/obras\/edificio-de-recepcion-y-vestuarios-del-parque-de-aventuras-selva-asturiana\/","og_site_name":"A-A","article_published_time":"2016-02-24T15:15:08+00:00","article_modified_time":"2016-10-07T17:48:02+00:00","og_image":[{"width":660,"height":440,"url":"https:\/\/arquitecturadeasturias.com\/obras\/wp-content\/uploads\/2016\/02\/Arquitectura-de-Asturias-PABELL\u00d3N-BIENVENIDA-07.jpg","type":"image\/jpeg"}],"author":"Silvia MRiesgo","twitter_misc":{"Escrito por":"Silvia MRiesgo","Tiempo de lectura":"2 minutos"},"schema":{"@context":"https:\/\/schema.org","@graph":[{"@type":"WebSite","@id":"https:\/\/arquitecturadeasturias.com\/obras\/#website","url":"https:\/\/arquitecturadeasturias.com\/obras\/","name":"A-A","description":"Arquitectura de Asturias","potentialAction":[{"@type":"SearchAction","target":{"@type":"EntryPoint","urlTemplate":"https:\/\/arquitecturadeasturias.com\/obras\/?s={search_term_string}"},"query-input":"required name=search_term_string"}],"inLanguage":"es"},{"@type":"WebPage","@id":"https:\/\/arquitecturadeasturias.com\/obras\/edificio-de-recepcion-y-vestuarios-del-parque-de-aventuras-selva-asturiana\/","url":"https:\/\/arquitecturadeasturias.com\/obras\/edificio-de-recepcion-y-vestuarios-del-parque-de-aventuras-selva-asturiana\/","name":"Edificio de recepci\u00f3n y vestuarios del parque de aventuras Selva Asturiana - A-A","isPartOf":{"@id":"https:\/\/arquitecturadeasturias.com\/obras\/#website"},"datePublished":"2016-02-24T15:15:08+00:00","dateModified":"2016-10-07T17:48:02+00:00","author":{"@id":"https:\/\/arquitecturadeasturias.com\/obras\/#\/schema\/person\/ab4deab1afb797516e1c82d97e7a266f"},"breadcrumb":{"@id":"https:\/\/arquitecturadeasturias.com\/obras\/edificio-de-recepcion-y-vestuarios-del-parque-de-aventuras-selva-asturiana\/#breadcrumb"},"inLanguage":"es","potentialAction":[{"@type":"ReadAction","target":["https:\/\/arquitecturadeasturias.com\/obras\/edificio-de-recepcion-y-vestuarios-del-parque-de-aventuras-selva-asturiana\/"]}]},{"@type":"BreadcrumbList","@id":"https:\/\/arquitecturadeasturias.com\/obras\/edificio-de-recepcion-y-vestuarios-del-parque-de-aventuras-selva-asturiana\/#breadcrumb","itemListElement":[{"@type":"ListItem","position":1,"name":"Portada","item":"https:\/\/arquitecturadeasturias.com\/obras\/"},{"@type":"ListItem","position":2,"name":"Edificio de recepci\u00f3n y vestuarios del parque de aventuras Selva Asturiana"}]},{"@type":"Person","@id":"https:\/\/arquitecturadeasturias.com\/obras\/#\/schema\/person\/ab4deab1afb797516e1c82d97e7a266f","name":"Silvia MRiesgo","image":{"@type":"ImageObject","inLanguage":"es","@id":"https:\/\/arquitecturadeasturias.com\/obras\/#\/schema\/person\/image\/","url":"https:\/\/secure.gravatar.com\/avatar\/f3b71eb75ac0fb8085aadda306c8b240?s=96&d=identicon&r=g","contentUrl":"https:\/\/secure.gravatar.com\/avatar\/f3b71eb75ac0fb8085aadda306c8b240?s=96&d=identicon&r=g","caption":"Silvia MRiesgo"},"url":"https:\/\/arquitecturadeasturias.com\/obras\/author\/silvia-mriesgo\/"}]}},"_links":{"self":[{"href":"https:\/\/arquitecturadeasturias.com\/obras\/wp-json\/wp\/v2\/posts\/3232"}],"collection":[{"href":"https:\/\/arquitecturadeasturias.com\/obras\/wp-json\/wp\/v2\/posts"}],"about":[{"href":"https:\/\/arquitecturadeasturias.com\/obras\/wp-json\/wp\/v2\/types\/post"}],"author":[{"embeddable":true,"href":"https:\/\/arquitecturadeasturias.com\/obras\/wp-json\/wp\/v2\/users\/11"}],"replies":[{"embeddable":true,"href":"https:\/\/arquitecturadeasturias.com\/obras\/wp-json\/wp\/v2\/comments?post=3232"}],"version-history":[{"count":9,"href":"https:\/\/arquitecturadeasturias.com\/obras\/wp-json\/wp\/v2\/posts\/3232\/revisions"}],"predecessor-version":[{"id":4356,"href":"https:\/\/arquitecturadeasturias.com\/obras\/wp-json\/wp\/v2\/posts\/3232\/revisions\/4356"}],"wp:featuredmedia":[{"embeddable":true,"href":"https:\/\/arquitecturadeasturias.com\/obras\/wp-json\/wp\/v2\/media\/3234"}],"wp:attachment":[{"href":"https:\/\/arquitecturadeasturias.com\/obras\/wp-json\/wp\/v2\/media?parent=3232"}],"wp:term":[{"taxonomy":"category","embeddable":true,"href":"https:\/\/arquitecturadeasturias.com\/obras\/wp-json\/wp\/v2\/categories?post=3232"},{"taxonomy":"post_tag","embeddable":true,"href":"https:\/\/arquitecturadeasturias.com\/obras\/wp-json\/wp\/v2\/tags?post=3232"}],"curies":[{"name":"wp","href":"https:\/\/api.w.org\/{rel}","templated":true}]}}