{"id":3582,"date":"2016-04-29T16:25:36","date_gmt":"2016-04-29T15:25:36","guid":{"rendered":"http:\/\/arquitecturadeasturias.com\/obras\/?p=3582"},"modified":"2016-04-29T19:06:48","modified_gmt":"2016-04-29T18:06:48","slug":"centro-rural-de-apoyo-diurno","status":"publish","type":"post","link":"https:\/\/arquitecturadeasturias.com\/obras\/centro-rural-de-apoyo-diurno\/","title":{"rendered":"Centro Rural de apoyo Diurno"},"content":{"rendered":"<p><a href=\"https:\/\/arquitecturadeasturias.com\/obras\/wp-content\/uploads\/2016\/04\/4.jpg\"><img loading=\"lazy\" class=\"alignnone wp-image-3586 size-full\" src=\"https:\/\/arquitecturadeasturias.com\/obras\/wp-content\/uploads\/2016\/04\/4.jpg\" alt=\"\" width=\"1141\" height=\"671\" \/><\/a><\/p>\n<h5 style=\"text-align: right;\">Abel Alonso<\/h5>\n<table class=\"aligncenter\" border=\"0\" width=\"620\" cellspacing=\"0\" cellpadding=\"0\">\n<tbody>\n<tr>\n<td width=\"180\"><strong>Obra:<\/strong><\/td>\n<td>\u00a0\u00a0Centro Rural de Apoyo Diurno<\/td>\n<\/tr>\n<tr>\n<td><strong>Arquitecto:<\/strong><\/td>\n<td>\u00a0\u00a0Abel Alonso y Alberto\u00a0Pando<\/td>\n<\/tr>\n<tr>\n<td><strong>Localidad:<\/strong><\/td>\n<td>\u00a0\u00a0Callezuela<\/td>\n<\/tr>\n<tr>\n<td><strong>Ayuntamiento:<\/strong><\/td>\n<td>\u00a0\u00a0Illas<\/td>\n<\/tr>\n<tr>\n<td><strong>A\u00f1o:<\/strong><\/td>\n<td>\u00a02011<\/td>\n<\/tr>\n<tr>\n<td><strong>Geolocalizaci\u00f3n:<\/strong><\/td>\n<td><a href=\"https:\/\/www.google.com\/fusiontables\/embedviz?q=select+col6+from+1InU4j1en-gRMKYhwLG5Jml-HUrpJQ44KqowJKWPY+where+col4+%3D+'Illas'&amp;viz=MAP&amp;h=false&amp;lat=43.4704374291446&amp;lng=-5.935068573468016&amp;t=1&amp;z=12&amp;l=col6&amp;y=2&amp;tmplt=3&amp;hml=GEOCODABLE\" target=\"_blank\"><strong>\u00a043.495 -5.970<\/strong><\/a><\/td>\n<\/tr>\n<\/tbody>\n<\/table>\n<table class=\" aligncenter\" border=\"0\" width=\"620\" cellspacing=\"0\" cellpadding=\"0\">\n<tbody>\n<tr>\n<td colspan=\"3\"><strong>Otros Datos:<\/strong><\/td>\n<\/tr>\n<tr>\n<td width=\"20\"><\/td>\n<td colspan=\"2\"><strong>Premios:<\/strong><\/td>\n<\/tr>\n<tr>\n<td width=\"20\"><\/td>\n<td width=\"20\"><\/td>\n<td width=\"580\"><\/td>\n<\/tr>\n<tr>\n<td width=\"20\"><\/td>\n<td colspan=\"2\"><strong>Publicaciones:<\/strong><\/td>\n<\/tr>\n<tr>\n<td width=\"20\"><\/td>\n<td width=\"20\"><\/td>\n<td><\/td>\n<\/tr>\n<tr>\n<td width=\"20\"><\/td>\n<td colspan=\"2\"><strong>Informaci\u00f3n en la\u00a0red:\u00a0<\/strong><\/td>\n<\/tr>\n<tr>\n<td width=\"20\"><\/td>\n<td width=\"20\"><\/td>\n<td>\n<ul>\n<li><a href=\"http:\/\/www.abelalonsoarquitecto.com\/\" target=\"_blank\">Abel Alonso<\/a><\/li>\n<li><a href=\"http:\/\/www.apr-arquitectos.net\/illas.html\" target=\"_blank\">APR Arquitectos<\/a><\/li>\n<li><a href=\"http:\/\/www.aparejadormanuelfernandez.es\/index.php\/id\/100\/objeto\/30\/claves\/Centro-Rural-de-Apoyo-Diurno\" target=\"_blank\">Aparejador Manuel Fern\u00e1ndez<\/a><\/li>\n<li><a href=\"http:\/\/www.ayto-illas.es\/c.r.a.d.\" target=\"_blank\">Ayuntamiento de Illas<\/a><\/li>\n<\/ul>\n<\/td>\n<\/tr>\n<tr>\n<td width=\"20\"><\/td>\n<td colspan=\"2\"><strong><strong>Descripci\u00f3n del proyecto: \u00a0<\/strong><\/strong>Abel Alonso y Alberto Pando<\/td>\n<\/tr>\n<tr>\n<td width=\"20\"><\/td>\n<td width=\"20\"><\/td>\n<td style=\"text-align: justify;\">\u00a0Debido a su localizaci\u00f3n como tejido de borde de la parcela, con el parque central de Callezuela, se tratar\u00e1 de conectar al mismo, mediante la incorporaci\u00f3n de nuevos caminos peatonales, que vayan completando poco a poco el recorrido de los existentes, y poder crear as\u00ed un marco natural para las edificaciones que se ubican en el mismo.Por otro lado, y debido a facilitar la funcionalidad del elemento que estamos tratando, se proceder\u00e1 a su vez a crear aparcamientos, as\u00ed como un acceso rodado al edificio por temas de mantenimiento y suministro.En cuanto al edificio, y conforme a las premisas de ahorro en el proceso constructivo, se opta por una soluci\u00f3n de geometr\u00eda sencilla, desarroll\u00e1ndose el programa en dos vol\u00famenes, distinguiendo entre espacios servidos y espacios servidores.Se produce una liberaci\u00f3n total del espacio interior, dejando localizadas las dependencias de servicio, as\u00ed como despachos administrativos y recorridos de servicio.Su orientaci\u00f3n Sur, permite una apertura total del mismo, creando espacios de relaci\u00f3n tanto en su interior como en el exterior del edificio mediante la extensi\u00f3n de la cubierta.Se recupera de esta manera ese espacio previo (\u00e1gora) de entrada de un edificio p\u00fablico en donde la caracter\u00edstica principal es la relaci\u00f3n con el entorno, e intercambio de informaci\u00f3n entre visitantes&#8230;Por otro lado, debido a su proximidad con el polideportivo, se procede a la incorporaci\u00f3n en la planta baja, de un espacio que posibilite la creaci\u00f3n de unos vestuarios, que sirvan de apoyo al mismo, as\u00ed como de un espacio de almacenaje del centro y de instalaciones previas.<\/p>\n<p>Por \u00faltimo, los materiales utilizados en la configuraci\u00f3n del edificio, ser\u00e1n sinceros con su procedimiento constructivo, siguiendo fieles a las premisas de ahorro de costes, tanto de construcci\u00f3n como de mantenimiento.<\/td>\n<\/tr>\n<tr>\n<td width=\"20\"><\/td>\n<td colspan=\"2\"><b><b>Reportaje fotogr\u00e1fico:\u00a0<\/b><\/b>Abel Alonso<\/td>\n<\/tr>\n<tr>\n<td width=\"20\"><\/td>\n<td colspan=\"2\">\n\t\t<div id='gallery-35825' class='gallery carousel slide'> <div class='carousel-inner' data-interval='7000'><div class='item active'><img src='https:\/\/arquitecturadeasturias.com\/obras\/wp-content\/uploads\/2016\/04\/4.jpg' \/><span class='gallery-caption'><\/span><\/div><div class='item'><img src='https:\/\/arquitecturadeasturias.com\/obras\/wp-content\/uploads\/2016\/04\/montaje2.jpg' \/><span class='gallery-caption'><\/span><\/div><div class='item'><img src='https:\/\/arquitecturadeasturias.com\/obras\/wp-content\/uploads\/2016\/04\/3.jpg' \/><span class='gallery-caption'><\/span><\/div><div class='item'><img src='https:\/\/arquitecturadeasturias.com\/obras\/wp-content\/uploads\/2016\/04\/montaje6.jpg' \/><span class='gallery-caption'><\/span><\/div><div class='item'><img src='https:\/\/arquitecturadeasturias.com\/obras\/wp-content\/uploads\/2016\/04\/montaje4.jpg' \/><span class='gallery-caption'><\/span><\/div> <\/div><div class=\"carousel-nav\"><ul><\/ul><\/div><a class=\"carousel-control left\" href=\"#gallery-35825\" data-slide=\"prev\"><i class=\"icon-chevron-left\"><\/i><\/a>\r\n        <a class=\"carousel-control right\" href=\"#gallery-35825\" data-slide=\"next\"><i class=\"icon-chevron-right\"><\/i><\/a><\/div><\/td>\n<\/tr>\n<tr>\n<td width=\"20\"><\/td>\n<td colspan=\"2\"><strong><strong>Planos: <\/strong><\/strong>APR Arquitectos<\/td>\n<\/tr>\n<tr>\n<td width=\"20\"><\/td>\n<td colspan=\"2\">\n\t\t<div id='gallery-35825' class='gallery carousel slide'> <div class='carousel-inner' data-interval='7000'><div class='item active'><img src='https:\/\/arquitecturadeasturias.com\/obras\/wp-content\/uploads\/2016\/04\/A2-Planta-vestuarios-intalaciones.jpg' \/><span class='gallery-caption'><\/span><\/div><div class='item'><img src='https:\/\/arquitecturadeasturias.com\/obras\/wp-content\/uploads\/2016\/04\/A1-Planta-de-acceso3.jpg' \/><span class='gallery-caption'>Planta de acceso<\/span><\/div><div class='item'><img src='https:\/\/arquitecturadeasturias.com\/obras\/wp-content\/uploads\/2016\/04\/A3-Planta-de-cubiertas2.jpg' \/><span class='gallery-caption'>Planta Cubierta<\/span><\/div><div class='item'><img src='https:\/\/arquitecturadeasturias.com\/obras\/wp-content\/uploads\/2016\/04\/A5-alzados.jpg' \/><span class='gallery-caption'>Alzados<\/span><\/div><div class='item'><img src='https:\/\/arquitecturadeasturias.com\/obras\/wp-content\/uploads\/2016\/04\/A4-alzados1.jpg' \/><span class='gallery-caption'>Alzados<\/span><\/div> <\/div><div class=\"carousel-nav\"><ul><\/ul><\/div><a class=\"carousel-control left\" href=\"#gallery-35825\" data-slide=\"prev\"><i class=\"icon-chevron-left\"><\/i><\/a>\r\n        <a class=\"carousel-control right\" href=\"#gallery-35825\" data-slide=\"next\"><i class=\"icon-chevron-right\"><\/i><\/a><\/div><\/td>\n<\/tr>\n<\/tbody>\n<\/table>\n<p>&nbsp;<\/p>\n","protected":false},"excerpt":{"rendered":"<p>Abel Alonso y Alberto Pando; Callezuela (Illas), 2011.<\/p>\n<p>En cuanto al edificio, y conforme a las premisas de ahorro en el proceso constructivo, se opta por una soluci\u00f3n de geometr\u00eda sencilla, desarroll\u00e1ndose el programa en dos vol\u00famenes, distinguiendo entre espacios servidos y espacios servidores. Se produce una liberaci\u00f3n total del espacio interior, dejando localizadas las dependencias de servicio, as\u00ed como despachos administrativos y recorridos de servicio&#8230;<\/p>\n","protected":false},"author":2,"featured_media":3586,"comment_status":"closed","ping_status":"closed","sticky":false,"template":"","format":"standard","meta":[],"categories":[123],"tags":[452,453,455,454],"yoast_head":"<!-- This site is optimized with the Yoast SEO plugin v19.4 - https:\/\/yoast.com\/wordpress\/plugins\/seo\/ -->\n<title>Centro Rural de apoyo Diurno - A-A<\/title>\n<meta name=\"robots\" content=\"index, follow, max-snippet:-1, max-image-preview:large, max-video-preview:-1\" \/>\n<link rel=\"canonical\" href=\"https:\/\/arquitecturadeasturias.com\/obras\/centro-rural-de-apoyo-diurno\/\" \/>\n<meta property=\"og:locale\" content=\"es_ES\" \/>\n<meta property=\"og:type\" content=\"article\" \/>\n<meta property=\"og:title\" content=\"Centro de Apoyo Rural Diurno\" \/>\n<meta property=\"og:description\" content=\"Abel Alonso y Alberto Pando; Callezuela (Illas), 2011.  En cuanto al edificio, y conforme a las premisas de ahorro en el proceso constructivo, se opta por una soluci\u00f3n de geometr\u00eda sencilla, desarroll\u00e1ndose el programa en dos vol\u00famenes, distinguiendo entre espacios servidos y espacios servidores. Se produce una liberaci\u00f3n total del espacio interior, dejando localizadas las dependencias de servicio, as\u00ed como despachos administrativos y recorridos de servicio...\" \/>\n<meta property=\"og:url\" content=\"https:\/\/arquitecturadeasturias.com\/obras\/centro-rural-de-apoyo-diurno\/\" \/>\n<meta property=\"og:site_name\" content=\"A-A\" \/>\n<meta property=\"article:author\" content=\"https:\/\/www.facebook.com\/omarromaarquitecto\" \/>\n<meta property=\"article:published_time\" content=\"2016-04-29T15:25:36+00:00\" \/>\n<meta property=\"article:modified_time\" content=\"2016-04-29T18:06:48+00:00\" \/>\n<meta property=\"og:image\" content=\"https:\/\/arquitecturadeasturias.com\/obras\/wp-content\/uploads\/2016\/04\/montaje2.jpg\" \/>\n\t<meta property=\"og:image:width\" content=\"3436\" \/>\n\t<meta property=\"og:image:height\" content=\"2448\" \/>\n\t<meta property=\"og:image:type\" content=\"image\/jpeg\" \/>\n<meta name=\"author\" content=\"Omar Ro.Ma.\" \/>\n<meta name=\"twitter:label1\" content=\"Escrito por\" \/>\n\t<meta name=\"twitter:data1\" content=\"Omar Ro.Ma.\" \/>\n\t<meta name=\"twitter:label2\" content=\"Tiempo de lectura\" \/>\n\t<meta name=\"twitter:data2\" content=\"2 minutos\" \/>\n<script type=\"application\/ld+json\" class=\"yoast-schema-graph\">{\"@context\":\"https:\/\/schema.org\",\"@graph\":[{\"@type\":\"WebSite\",\"@id\":\"https:\/\/arquitecturadeasturias.com\/obras\/#website\",\"url\":\"https:\/\/arquitecturadeasturias.com\/obras\/\",\"name\":\"A-A\",\"description\":\"Arquitectura de Asturias\",\"potentialAction\":[{\"@type\":\"SearchAction\",\"target\":{\"@type\":\"EntryPoint\",\"urlTemplate\":\"https:\/\/arquitecturadeasturias.com\/obras\/?s={search_term_string}\"},\"query-input\":\"required name=search_term_string\"}],\"inLanguage\":\"es\"},{\"@type\":\"WebPage\",\"@id\":\"https:\/\/arquitecturadeasturias.com\/obras\/centro-rural-de-apoyo-diurno\/\",\"url\":\"https:\/\/arquitecturadeasturias.com\/obras\/centro-rural-de-apoyo-diurno\/\",\"name\":\"Centro Rural de apoyo Diurno - A-A\",\"isPartOf\":{\"@id\":\"https:\/\/arquitecturadeasturias.com\/obras\/#website\"},\"datePublished\":\"2016-04-29T15:25:36+00:00\",\"dateModified\":\"2016-04-29T18:06:48+00:00\",\"author\":{\"@id\":\"https:\/\/arquitecturadeasturias.com\/obras\/#\/schema\/person\/1d538920d82be5ae5f33ba1b4984e1c5\"},\"breadcrumb\":{\"@id\":\"https:\/\/arquitecturadeasturias.com\/obras\/centro-rural-de-apoyo-diurno\/#breadcrumb\"},\"inLanguage\":\"es\",\"potentialAction\":[{\"@type\":\"ReadAction\",\"target\":[\"https:\/\/arquitecturadeasturias.com\/obras\/centro-rural-de-apoyo-diurno\/\"]}]},{\"@type\":\"BreadcrumbList\",\"@id\":\"https:\/\/arquitecturadeasturias.com\/obras\/centro-rural-de-apoyo-diurno\/#breadcrumb\",\"itemListElement\":[{\"@type\":\"ListItem\",\"position\":1,\"name\":\"Portada\",\"item\":\"https:\/\/arquitecturadeasturias.com\/obras\/\"},{\"@type\":\"ListItem\",\"position\":2,\"name\":\"Centro Rural de apoyo Diurno\"}]},{\"@type\":\"Person\",\"@id\":\"https:\/\/arquitecturadeasturias.com\/obras\/#\/schema\/person\/1d538920d82be5ae5f33ba1b4984e1c5\",\"name\":\"Omar Ro.Ma.\",\"image\":{\"@type\":\"ImageObject\",\"inLanguage\":\"es\",\"@id\":\"https:\/\/arquitecturadeasturias.com\/obras\/#\/schema\/person\/image\/\",\"url\":\"https:\/\/secure.gravatar.com\/avatar\/ed5c02d4ae8220a25cf9e96121bff318?s=96&d=identicon&r=g\",\"contentUrl\":\"https:\/\/secure.gravatar.com\/avatar\/ed5c02d4ae8220a25cf9e96121bff318?s=96&d=identicon&r=g\",\"caption\":\"Omar Ro.Ma.\"},\"description\":\"Arquitecto por la ETSAC (Escuela T\u00e9cnica Superior de Arquitectura de Coru\u00f1a), con el estudio Omar Ro.Ma. Arquitecto, adem\u00e1s de colaborador de arquitecturadegalicia.eu, fundador y organizador de arquitecturadeasturias.com. tiene estudio propio en Avil\u00e9s, Arquitectura Omar Ro.Ma.\",\"sameAs\":[\"http:\/\/www.omarroma.es\",\"https:\/\/www.facebook.com\/omarromaarquitecto\"],\"url\":\"https:\/\/arquitecturadeasturias.com\/obras\/author\/omar-roma\/\"}]}<\/script>\n<!-- \/ Yoast SEO plugin. -->","yoast_head_json":{"title":"Centro Rural de apoyo Diurno - A-A","robots":{"index":"index","follow":"follow","max-snippet":"max-snippet:-1","max-image-preview":"max-image-preview:large","max-video-preview":"max-video-preview:-1"},"canonical":"https:\/\/arquitecturadeasturias.com\/obras\/centro-rural-de-apoyo-diurno\/","og_locale":"es_ES","og_type":"article","og_title":"Centro de Apoyo Rural Diurno","og_description":"Abel Alonso y Alberto Pando; Callezuela (Illas), 2011.  En cuanto al edificio, y conforme a las premisas de ahorro en el proceso constructivo, se opta por una soluci\u00f3n de geometr\u00eda sencilla, desarroll\u00e1ndose el programa en dos vol\u00famenes, distinguiendo entre espacios servidos y espacios servidores. Se produce una liberaci\u00f3n total del espacio interior, dejando localizadas las dependencias de servicio, as\u00ed como despachos administrativos y recorridos de servicio...","og_url":"https:\/\/arquitecturadeasturias.com\/obras\/centro-rural-de-apoyo-diurno\/","og_site_name":"A-A","article_author":"https:\/\/www.facebook.com\/omarromaarquitecto","article_published_time":"2016-04-29T15:25:36+00:00","article_modified_time":"2016-04-29T18:06:48+00:00","og_image":[{"width":3436,"height":2448,"url":"https:\/\/arquitecturadeasturias.com\/obras\/wp-content\/uploads\/2016\/04\/montaje2.jpg","type":"image\/jpeg"}],"author":"Omar Ro.Ma.","twitter_misc":{"Escrito por":"Omar Ro.Ma.","Tiempo de lectura":"2 minutos"},"schema":{"@context":"https:\/\/schema.org","@graph":[{"@type":"WebSite","@id":"https:\/\/arquitecturadeasturias.com\/obras\/#website","url":"https:\/\/arquitecturadeasturias.com\/obras\/","name":"A-A","description":"Arquitectura de Asturias","potentialAction":[{"@type":"SearchAction","target":{"@type":"EntryPoint","urlTemplate":"https:\/\/arquitecturadeasturias.com\/obras\/?s={search_term_string}"},"query-input":"required name=search_term_string"}],"inLanguage":"es"},{"@type":"WebPage","@id":"https:\/\/arquitecturadeasturias.com\/obras\/centro-rural-de-apoyo-diurno\/","url":"https:\/\/arquitecturadeasturias.com\/obras\/centro-rural-de-apoyo-diurno\/","name":"Centro Rural de apoyo Diurno - A-A","isPartOf":{"@id":"https:\/\/arquitecturadeasturias.com\/obras\/#website"},"datePublished":"2016-04-29T15:25:36+00:00","dateModified":"2016-04-29T18:06:48+00:00","author":{"@id":"https:\/\/arquitecturadeasturias.com\/obras\/#\/schema\/person\/1d538920d82be5ae5f33ba1b4984e1c5"},"breadcrumb":{"@id":"https:\/\/arquitecturadeasturias.com\/obras\/centro-rural-de-apoyo-diurno\/#breadcrumb"},"inLanguage":"es","potentialAction":[{"@type":"ReadAction","target":["https:\/\/arquitecturadeasturias.com\/obras\/centro-rural-de-apoyo-diurno\/"]}]},{"@type":"BreadcrumbList","@id":"https:\/\/arquitecturadeasturias.com\/obras\/centro-rural-de-apoyo-diurno\/#breadcrumb","itemListElement":[{"@type":"ListItem","position":1,"name":"Portada","item":"https:\/\/arquitecturadeasturias.com\/obras\/"},{"@type":"ListItem","position":2,"name":"Centro Rural de apoyo Diurno"}]},{"@type":"Person","@id":"https:\/\/arquitecturadeasturias.com\/obras\/#\/schema\/person\/1d538920d82be5ae5f33ba1b4984e1c5","name":"Omar Ro.Ma.","image":{"@type":"ImageObject","inLanguage":"es","@id":"https:\/\/arquitecturadeasturias.com\/obras\/#\/schema\/person\/image\/","url":"https:\/\/secure.gravatar.com\/avatar\/ed5c02d4ae8220a25cf9e96121bff318?s=96&d=identicon&r=g","contentUrl":"https:\/\/secure.gravatar.com\/avatar\/ed5c02d4ae8220a25cf9e96121bff318?s=96&d=identicon&r=g","caption":"Omar Ro.Ma."},"description":"Arquitecto por la ETSAC (Escuela T\u00e9cnica Superior de Arquitectura de Coru\u00f1a), con el estudio Omar Ro.Ma. Arquitecto, adem\u00e1s de colaborador de arquitecturadegalicia.eu, fundador y organizador de arquitecturadeasturias.com. tiene estudio propio en Avil\u00e9s, Arquitectura Omar Ro.Ma.","sameAs":["http:\/\/www.omarroma.es","https:\/\/www.facebook.com\/omarromaarquitecto"],"url":"https:\/\/arquitecturadeasturias.com\/obras\/author\/omar-roma\/"}]}},"_links":{"self":[{"href":"https:\/\/arquitecturadeasturias.com\/obras\/wp-json\/wp\/v2\/posts\/3582"}],"collection":[{"href":"https:\/\/arquitecturadeasturias.com\/obras\/wp-json\/wp\/v2\/posts"}],"about":[{"href":"https:\/\/arquitecturadeasturias.com\/obras\/wp-json\/wp\/v2\/types\/post"}],"author":[{"embeddable":true,"href":"https:\/\/arquitecturadeasturias.com\/obras\/wp-json\/wp\/v2\/users\/2"}],"replies":[{"embeddable":true,"href":"https:\/\/arquitecturadeasturias.com\/obras\/wp-json\/wp\/v2\/comments?post=3582"}],"version-history":[{"count":11,"href":"https:\/\/arquitecturadeasturias.com\/obras\/wp-json\/wp\/v2\/posts\/3582\/revisions"}],"predecessor-version":[{"id":3610,"href":"https:\/\/arquitecturadeasturias.com\/obras\/wp-json\/wp\/v2\/posts\/3582\/revisions\/3610"}],"wp:featuredmedia":[{"embeddable":true,"href":"https:\/\/arquitecturadeasturias.com\/obras\/wp-json\/wp\/v2\/media\/3586"}],"wp:attachment":[{"href":"https:\/\/arquitecturadeasturias.com\/obras\/wp-json\/wp\/v2\/media?parent=3582"}],"wp:term":[{"taxonomy":"category","embeddable":true,"href":"https:\/\/arquitecturadeasturias.com\/obras\/wp-json\/wp\/v2\/categories?post=3582"},{"taxonomy":"post_tag","embeddable":true,"href":"https:\/\/arquitecturadeasturias.com\/obras\/wp-json\/wp\/v2\/tags?post=3582"}],"curies":[{"name":"wp","href":"https:\/\/api.w.org\/{rel}","templated":true}]}}