{"id":3635,"date":"2016-05-06T16:00:55","date_gmt":"2016-05-06T15:00:55","guid":{"rendered":"http:\/\/arquitecturadeasturias.com\/obras\/?p=3635"},"modified":"2022-02-28T21:45:08","modified_gmt":"2022-02-28T20:45:08","slug":"central-de-grandas-de-salime","status":"publish","type":"post","link":"https:\/\/arquitecturadeasturias.com\/obras\/central-de-grandas-de-salime\/","title":{"rendered":"Central de Salime"},"content":{"rendered":"<p style=\"text-align: right;\"><a href=\"https:\/\/arquitecturadeasturias.com\/obras\/wp-content\/uploads\/2016\/05\/SaltoyCentralHidroelectricaGrandasSalime_1.jpg\"><img loading=\"lazy\" class=\"aligncenter size-full wp-image-3636\" src=\"https:\/\/arquitecturadeasturias.com\/obras\/wp-content\/uploads\/2016\/05\/SaltoyCentralHidroelectricaGrandasSalime_1.jpg\" alt=\"SaltoyCentralHidroelectricaGrandasSalime_1\" width=\"708\" height=\"449\" \/><\/a><a href=\"https:\/\/arquitecturadeasturias.com\/obras\/wp-content\/uploads\/2016\/04\/Pedro-Pegenaute_\u220f-PG466_1892.jpg\"><br \/>\n<\/a>Turismo Asturias<\/p>\n<table class=\"aligncenter\" border=\"0\" width=\"620\" cellspacing=\"0\" cellpadding=\"0\">\n<tbody>\n<tr>\n<td width=\"180\"><strong>Obra:<\/strong><\/td>\n<td>\u00a0Central de Salime<\/td>\n<\/tr>\n<tr>\n<td><strong>Arquitecto:<\/strong><\/td>\n<td>\u00a0Joaqu\u00edn\u00a0Vaquero Palacios<\/td>\n<\/tr>\n<tr>\n<td><strong>Localidad:<\/strong><\/td>\n<td>\u00a0Vistalegre<\/td>\n<\/tr>\n<tr>\n<td><strong>Ayuntamiento:<\/strong><\/td>\n<td>Pesoz<\/td>\n<\/tr>\n<tr>\n<td><strong>A\u00f1o:<\/strong><\/td>\n<td>\u00a01953-1954<\/td>\n<\/tr>\n<tr>\n<td><strong>Geolocalizaci\u00f3n:<\/strong><\/td>\n<td>\u00a0<a href=\"https:\/\/www.google.com\/fusiontables\/embedviz?q=select+col6+from+1InU4j1en-gRMKYhwLG5Jml-HUrpJQ44KqowJKWPY+where+col4+%3D+'Grandas+de+Salime'&amp;viz=MAP&amp;h=false&amp;lat=43.23642259680662&amp;lng=-6.846504654400634&amp;t=1&amp;z=16&amp;l=col6&amp;y=2&amp;tmplt=3&amp;hml=GEOCODABLE\">43.236, -6.848<\/a><\/td>\n<\/tr>\n<\/tbody>\n<\/table>\n<table class=\" aligncenter\" border=\"0\" width=\"620\" cellspacing=\"0\" cellpadding=\"0\">\n<tbody>\n<tr>\n<td colspan=\"3\"><strong>Otros Datos:<\/strong><\/td>\n<\/tr>\n<tr>\n<td width=\"20\"><\/td>\n<td colspan=\"2\"><strong>Premios:<\/strong><\/td>\n<\/tr>\n<tr>\n<td width=\"20\"><\/td>\n<td width=\"20\"><\/td>\n<td width=\"580\"><\/td>\n<\/tr>\n<tr>\n<td width=\"20\"><\/td>\n<td colspan=\"2\"><strong>Publicaciones:<\/strong><\/td>\n<\/tr>\n<tr>\n<td width=\"20\"><\/td>\n<td width=\"20\"><\/td>\n<td>\n<ul>\n<li>TIELVE GARS\u00cdA, Natalia, El salto de Grandas de Salime: Arte e Industria<\/li>\n<li>AA VV, Joaqu\u00edn Vaquero Palacios: medalla de oro de la arquitectura, 1996,\u00a0Consejo\u00a0Superior de los Colegios de Arquitectos de Espa\u00f1a, Madrid, 1998.<\/li>\n<li>GARC\u00cdA POLA, Miguel, \u201cAsturias, la \u00e9pica del desarrollo, Forma y Plasticidad\u201d, en\u00a0Quaderns d&#8217;arquitectura i Urbanisme, Barcelona, 1997, p\u00e1gs. 92-99.<\/li>\n<li>\u201cCentral hidroel\u00e9ctrica de Salime\u201d, en Quaderns 215, Barcelona, 1997, p\u00e1gs. 102-109.<\/li>\n<li>P\u00c9REZ LASTRA, Jos\u00e9 Antonio, Vaquero Palacios, arquitecto, COAAsturias, Oviedo,1992.<\/li>\n<li>FERN\u00c1NDEZ, Jos\u00e9 Carlos, TORIBIO, Alfonso, VAQUERO, Joaqu\u00edn, La obra integradora\u00a0de Joaqu\u00edn Vaquero en Asturias, Hidroel\u00e9ctrica del Cant\u00e1brico\/COA Asturias, Oviedo, 1989.<\/li>\n<li>SENDIN GARC\u00cdA, Manuel \u00c1ngel, \u201cLa Industria El\u00e9ctrica en Asturias\u201d, en Eria 6, 1984,\u00a0p\u00e1gs. 3-36.<\/li>\n<li>MADRAZO FELI\u00da, Baldomero, Electra de Viesgo, 75 a\u00f1os, Electra de Viesgo, SA,\u00a0Santander, 1981.<\/li>\n<li>ALONSO PEREIRA, Jos\u00e9 Ram\u00f3n, \u201cLa Arquitectura Asturiana de los s. XIX y XX\u201d, en\u00a0Enciclopedia Tem\u00e1tica de Asturias, Tomo V, Gea Distribuciones Gr\u00e1ficas, Gij\u00f3n, 1980.<\/li>\n<li>\u201cDecoraciones escult\u00f3ricas de Joaqu\u00edn Vaquero Palacios\u201d, en Arquitectura 60,\u00a0COAMadrid, diciembre de 1963, p\u00e1gs. 54-58.<\/li>\n<li>\u201cAprovechamiento hidroel\u00e9ctrico del r\u00edo Navia\u201d, en Informes de la Construcci\u00f3n 88, Madrid,\u00a01957.<\/li>\n<li>\u00a0\u201cMural en la presa de Salime\u201d, en Revista Nacional de Arquitectura 169, COAMadrid,\u00a0enero de 1956, p\u00e1gs. 16-20.<\/li>\n<li>\u201cEl salto de Salime\u201d, en Obras: revista de construcci\u00f3n 80, 1953, p\u00e1gs. 33-46<\/li>\n<\/ul>\n<\/td>\n<\/tr>\n<tr>\n<td width=\"20\"><\/td>\n<td colspan=\"2\"><strong>Informaci\u00f3n en la\u00a0red:\u00a0<\/strong><\/td>\n<\/tr>\n<tr>\n<td width=\"20\"><\/td>\n<td width=\"20\"><\/td>\n<td>\n<ul>\n<li><a href=\"https:\/\/www.turismoasturias.es\/descubre\/cultura\/patrimonio-industrial\/recursos-y-equipamientos\/salto-y-central-hidroelectrica-de-grandas-de-salime\">Turismo Asturias<\/a><\/li>\n<li><a href=\"http:\/\/docomomoiberico.com\/index.php?option=com_k2&amp;view=item&amp;id=100:central-y-salto-de-grandas-de-salime&amp;lang=es\">Docomomo Ib\u00e9rico<\/a>\u00a0 web<\/li>\n<li><a href=\"http:\/\/docomomoiberico.com\/images\/stories\/docomomo\/pdfs\/documentos_I_ASTA04.pdf\">Docomomo Ib\u00e9rico<\/a> \u00a0pdf<\/li>\n<li><a href=\"http:\/\/www.arqueologiaypatrimonioindustrial.com\/2010\/08\/la-presa-de-grandas-de-salime-asturias.html\">Arqueolog\u00eda y patrimonio industrial<\/a><\/li>\n<li><a href=\"http:\/\/patrimonioarquitectonicodeasturias.blogspot.com.es\/2012_05_01_archive.html\">Patrimonio arqutect\u00f3nico de Asturias<\/a><\/li>\n<li><a href=\"http:\/\/patrimoniograndasdesalime.esy.es\/?page_id=222\">Patrimonio Grandas de Salime<\/a><\/li>\n<li><a href=\"http:\/\/www.raco.cat\/index.php\/QuadernsArquitecturaUrbanisme\/article\/view\/234140\/337498\">Quaderns d&#8217;Arquitectura i Urbanisme<\/a><\/li>\n<\/ul>\n<\/td>\n<\/tr>\n<tr>\n<td width=\"20\"><\/td>\n<td colspan=\"2\"><strong><strong>Descripci\u00f3n del proyecto:\u00a0<\/strong><\/strong><\/td>\n<\/tr>\n<tr>\n<td width=\"20\"><\/td>\n<td width=\"20\"><\/td>\n<td style=\"text-align: justify;\"><strong>La intervenci\u00f3n de Vaquero Palacios.<\/strong>No que respeuta a la llabor arquiteut\u00f3nica, Vaquero Palacios, incorporase al proyeutu cola obra ya entamada.\u00a0\u00a0Un de los principales problemes a los qu\u2019enfrentose foi\u2019l de la escala, el concerniente a la propia monumentalid\u00e1 del obxetu industrial,\u00a0una arquiteutura perdimension\u00e1. Nuna primera fase, intervien nel tratamientu la coronaci\u00f3n del alliviaderu, que sirve de pasu a la carretera de Grandas de Salime a Uvieu.\u00a0La intervenci\u00f3n de Vaquero nesta zona enllacia cola tradici\u00f3n espresionista xerm\u00e1nica, \u00a0proporcionando una poderosa fuercia final a la monumentalid\u00e1 la presa. Aprovechando les posibilidaes pl\u00e1stiques del formig\u00f3n armau, l\u2019artista utiliza los contrafuertes de la presa pa construir\u00a0cincu\u00a0miradores que rematen la elevada parede formig\u00f3n. A ellos sumanse dos terraces proyeutaes hacia\u2019l banzau,\u00a0entre estes alcuentrase\u00a0les casetes qu\u2019loxan la maquinaria d\u2019apertura y \u00a0el pieslle \u00a0les compuertas.<\/p>\n<p>En cuantu la llabor art\u00edstica, Vaquero Palacios cre\u00f3 sobre\u2019l muru la central 12 baxorrelieves que rellaten el procesu producci\u00f3n de la enerx\u00eda ell\u00e9ctrica. En pallabres del autor, tratase de\u00a0<em>\u00abuna serie motivos pa imaxinar esquem\u00e1ticamente lo que taba sucediendo detr\u00e1s del tel\u00f3n\u00bb<\/em>. Los relieves, con una fuerte carga espresionista, simb\u00f3lica y social, recuerdanos les obres de grandes muralistas mexicanos como Rivera o Siqueiros.<\/p>\n<p>Ya nel interior la central, la intervenci\u00f3n de Vaquero Palacios ya visible n\u2019abondo ellementos, como la escalera interior de dise\u00f1u modernu o la balconada volada sobre inmensas m\u00e9nsulas de formig\u00f3n dende la que dominase la sala turbinas. Nos muros d\u2019esta sala alcuentranse les obres m\u00e1s conoc\u00edes, dos murales de 55 y 60 metros de lonxit\u00fa. El primeru, obra de Joaqu\u00edn Vaquero Turcios, narra, con realismu\u2019l complexu procesu de construcci\u00f3n de la presa, a trav\u00e9s de\u00a0la siguiente socesi\u00f3n d\u2019acontecimientos que ficieron posibles la construcci\u00f3n del banzau:<br \/>\nEntam\u00f3 pintando al su g\u00fcelo Narciso, inxenieru caminos, llueu represent\u00f3\u2019l consexo d\u2019alministraci\u00f3n d\u2019Hidroel\u00e9ctrica Cant\u00e1brico y la Electra de Viesgo, dempu\u00e9s los banqueros, la inundaci\u00f3n del valle y la poblaci\u00f3n abandonando le sos tierres, los proyeutistes, los 306 muertos durante la construcci\u00f3n, les 9.000 persones que\u00a0trabayaron durante los 5-6 a\u00f1os que dur\u00f3 la construcci\u00f3n del saltu. La producci\u00f3n, el panel de mandu, los operadores, la transformaci\u00f3n la corriente, les columnes que sinifican el transporte y al final el consumu, l\u2019allumbrau y la radiu con Mat\u00edas Prats.<\/p>\n<p>El segundu mural, realizado conxuntamente polos dos artistas, representa una descarga ell\u00e9ctrica.<\/p>\n<p>Joaqu\u00edn Vaquero Turcios restaur\u00f3 estos murales nel 2001, a\u00f1u en que tami\u00e9n pint\u00f3 nes m\u00e9nsules que sostienen la balconada los retratos de Picasso, Max Planck, Freud y Einstein, qu\u2019aunque formaben parte de la idea orixinal, nun taban\u00a0 bien vistos na d\u00e9cada de los cincuenta, cuando realizose la obra.<\/p>\n<p>&#8212;&#8212;&#8212;&#8212;&#8212;&#8212;&#8212;&#8212;&#8212;&#8212;&#8212;&#8212;&#8212;&#8212;&#8212;&#8212;&#8212;&#8212;&#8212;&#8212;&#8212;&#8212;&#8212;&#8212;&#8212;&#8212;&#8212;&#8212;&#8212;&#8212;&#8212;&#8212;<\/p>\n<p><strong>La construcci\u00f3n del embalse.<\/strong><\/p>\n<p>El embalse de Salime, inaugurado en 1954, est\u00e1 situado en el Principado de Asturias. Es el tercer embalse construido en el r\u00edo Navia, siendo en su d\u00eda la mayor presa de Espa\u00f1a y la segunda de Europa.<\/p>\n<p>Se construyeron varios silos y tolvas para la fabricaci\u00f3n del hormig\u00f3n a pie de obra, cuyos restos a\u00fan pueden contemplarse presidiendo el entorno inmediato.<\/p>\n<p>Adem\u00e1s se procedi\u00f3 a la b\u00fasqueda de una cantera de piedra para abastecer el enorme volumen. Los materiales que llegaban por v\u00eda mar\u00edtima al puerto de Navia eran transportados a trav\u00e9s de un telef\u00e9rico de 36 km. de longitud, construido espec\u00edficamente para este prop\u00f3sito, siendo el mayor de los construidos en ese momento.<\/p>\n<p>Tambi\u00e9n fue necesaria la construcci\u00f3n de atagu\u00edas, almacenes, carreteras\u2026 y 4 poblados para cobijar a los m\u00e1s de 3500 obreros procedentes de otras partes de Espa\u00f1a, sumando as\u00ed un total de m\u00e1s de 9000 obreros empleados durante los 5-6 a\u00f1os que se demoraron las obras. Alrededor de 300 fallecieron debido a las precarias condiciones de trabajo y escasez de alimentos.<\/p>\n<p>La presa y la central se construyeron entre 1948-53. Se levant\u00f3 una presa de gravedad con taludes del 5% aguas arriba y del 72% aguas abajo, con un radio de 400m en su coronaci\u00f3n y una altura sobre cimientos de 132m. En la parte superior tiene una longitud de 250m, en cuyo centro se encuentran los 4 aliviaderos con compuertas de 12x7m. Pese a la situaci\u00f3n de miseria en la que estaba sumida Espa\u00f1a, sufriendo el embargo de las potencias vencedoras en la segunda guerra mundial, Inglaterra suministr\u00f3 en secreto las turbinas y generadores.<\/p>\n<p><iframe loading=\"lazy\" src=\"https:\/\/www.youtube.com\/embed\/pWE9PWCtNxQ\" width=\"420\" height=\"315\" frameborder=\"0\" allowfullscreen=\"allowfullscreen\"><\/iframe><br \/>\n<strong>La intervenci\u00f3n de Vaquero Palacios.<\/strong><\/p>\n<p>En lo que respecta a la labor arquitect\u00f3nica, Vaquero Palacios, se incorpora al proyecto con la obra ya comenzada.\u00a0\u00a0Uno de los principales problemas a los que se enfrent\u00f3 fue el de la escala, el concerniente a la propia monumentalidad del objeto industrial,\u00a0una arquitectura sobredimensionada. En una primera fase, interviene en el tratamiento de la coronaci\u00f3n del aliviadero, que sirve de paso a la carretera de Grandas de Salime a Oviedo.\u00a0La intervenci\u00f3n de Vaquero en esta zona enlaza con la tradici\u00f3n expresionista germ\u00e1nica, \u00a0proporcionando una poderosa fuerza final a la monumentalidad de la presa. Aprovechando las posibilidades pl\u00e1sticas del hormig\u00f3n armado, el artista utiliza los contrafuertes de la presa para construir\u00a0cinco\u00a0miradores que rematan la elevada pared de hormig\u00f3n. A ellos se suman dos terrazas, proyectadas hacia el embalse\u00a0entre estas se encuentran\u00a0las casetas que alojan la maquinaria de apertura y cierre de las compuertas.<\/p>\n<p>En cuanto a la labor art\u00edstica, Vaquero Palacios cre\u00f3 sobre el muro de la central 12 bajorrelieves que relatan el proceso de producci\u00f3n de la energ\u00eda el\u00e9ctrica. En palabras del autor, se trata de <em>\u00abuna serie de motivos para imaginar esquem\u00e1ticamente lo que estaba sucediendo detr\u00e1s del tel\u00f3n\u00bb<\/em>. Los relieves, con una fuerte carga expresionista, simb\u00f3lica y social, nos recuerdan las obras de grandes muralistas mexicanos como Rivera o Siqueiros.<\/p>\n<p>Ya en el interior de la central, la intervenci\u00f3n de Vaquero Palacios es visible en numerosos elementos, como la escalera interior de dise\u00f1o modernista o la balconada volada sobre inmensas m\u00e9nsulas de hormig\u00f3n desde la que se domina la sala de turbinas. En los muros de esta sala se encuentran las obras m\u00e1s conocidas, dos murales de 55 y 60 metros de longitud. El primero, obra de Joaqu\u00edn Vaquero Turcios, narra, con realismo el complejo proceso de construcci\u00f3n de la presa, a trav\u00e9s de\u00a0la siguiente sucesi\u00f3n de acontecimientos que hicieron posibles la construcci\u00f3n del embalse:<br \/>\nEmpez\u00f3 pintando a su abuelo Narciso, ingeniero de caminos, luego represent\u00f3 el consejo de administraci\u00f3n de Hidroel\u00e9ctrica Cant\u00e1brico y la Electra de Viesgo, despu\u00e9s los banqueros, la inundaci\u00f3n del valle y la poblaci\u00f3n abandonando sus tierras, los proyectistas, los 306 muertos durante la construcci\u00f3n, las 9.000 personas que\u00a0trabajaron durante los 5-6 a\u00f1os que dur\u00f3 la construcci\u00f3n del salto. La producci\u00f3n, el panel de mando, los operadores, la transformaci\u00f3n de la corriente, las columnas que significan el transporte y al final el consumo, el alumbrado y la radio con Mat\u00edas Prats.<\/p>\n<p>El segundo mural, realizado conjuntamente por los dos artistas, representa una descarga el\u00e9ctrica.<\/p>\n<p>El Joaqu\u00edn Vaquero Turcios restaur\u00f3 estos murales en 2001, a\u00f1o en que tambi\u00e9n pint\u00f3 en las m\u00e9nsulas que sostienen la balconada los retratos de Picasso, Max Planck, Freud y Einstein que, aunque formaban parte de la idea original, no estaban bien vistos en la d\u00e9cada de los cincuenta, cuando se realiz\u00f3 la obra.<\/td>\n<\/tr>\n<tr>\n<td width=\"20\"><\/td>\n<td colspan=\"2\"><b><b><b><b>Reportaje fotogr\u00e1fico:\u00a0<\/b><\/b><\/b><\/b><\/td>\n<\/tr>\n<tr>\n<td width=\"20\"><\/td>\n<td colspan=\"2\">\n\t\t<div id='gallery-36356' class='gallery carousel slide'> <div class='carousel-inner' data-interval='7000'><div class='item active'><img src='https:\/\/arquitecturadeasturias.com\/obras\/wp-content\/uploads\/2016\/05\/G-PRESA-OBRA.jpg' \/><span class='gallery-caption'><\/span><\/div><div class='item'><img src='https:\/\/arquitecturadeasturias.com\/obras\/wp-content\/uploads\/2016\/05\/G-PRESA-APERTURA.jpg' \/><span class='gallery-caption'><\/span><\/div> <\/div><div class=\"carousel-nav\"><ul><\/ul><\/div><a class=\"carousel-control left\" href=\"#gallery-36356\" data-slide=\"prev\"><i class=\"icon-chevron-left\"><\/i><\/a>\r\n        <a class=\"carousel-control right\" href=\"#gallery-36356\" data-slide=\"next\"><i class=\"icon-chevron-right\"><\/i><\/a><\/div><\/td>\n<\/tr>\n<tr>\n<td width=\"20\"><\/td>\n<td colspan=\"2\"><strong><strong><strong>Planos:\u00a0<\/strong><\/strong><\/strong><\/td>\n<\/tr>\n<tr>\n<td width=\"20\"><\/td>\n<td colspan=\"2\"><\/td>\n<\/tr>\n<\/tbody>\n<\/table>\n","protected":false},"excerpt":{"rendered":"<p>Joaqu\u00edn Vaquero Palacios; Grandas de Salime, 1953.<\/p>\n<p>No que respeuta a la llabor arquiteut\u00f3nica, Vaquero Palacios, incorporase al proyeutu cola obra ya entamada.  Un de los principales problemes a los qu\u2019enfrentose foi\u2019l de la escala, el concerniente a la propia monumentalid\u00e1 del obxetu industrial, una arquiteutura perdimension\u00e1. Nuna primera fase&#8230;<\/p>\n","protected":false},"author":8,"featured_media":3636,"comment_status":"closed","ping_status":"closed","sticky":false,"template":"","format":"standard","meta":[],"categories":[131],"tags":[463,466,464,465,467],"yoast_head":"<!-- This site is optimized with the Yoast SEO plugin v19.4 - https:\/\/yoast.com\/wordpress\/plugins\/seo\/ -->\n<title>Central de Salime - A-A<\/title>\n<meta name=\"robots\" content=\"index, follow, max-snippet:-1, max-image-preview:large, max-video-preview:-1\" \/>\n<link rel=\"canonical\" href=\"https:\/\/arquitecturadeasturias.com\/obras\/central-de-grandas-de-salime\/\" \/>\n<meta property=\"og:locale\" content=\"es_ES\" \/>\n<meta property=\"og:type\" content=\"article\" \/>\n<meta property=\"og:title\" content=\"Central de Salime - A-A\" \/>\n<meta property=\"og:description\" content=\"Joaqu\u00edn Vaquero Palacios; Grandas de Salime, 1953.  No que respeuta a la llabor arquiteut\u00f3nica, Vaquero Palacios, incorporase al proyeutu cola obra ya entamada. Un de los principales problemes a los qu\u2019enfrentose foi\u2019l de la escala, el concerniente a la propia monumentalid\u00e1 del obxetu industrial, una arquiteutura perdimension\u00e1. Nuna primera fase...\" \/>\n<meta property=\"og:url\" content=\"https:\/\/arquitecturadeasturias.com\/obras\/central-de-grandas-de-salime\/\" \/>\n<meta property=\"og:site_name\" content=\"A-A\" \/>\n<meta property=\"article:published_time\" content=\"2016-05-06T15:00:55+00:00\" \/>\n<meta property=\"article:modified_time\" content=\"2022-02-28T20:45:08+00:00\" \/>\n<meta property=\"og:image\" content=\"https:\/\/arquitecturadeasturias.com\/obras\/wp-content\/uploads\/2016\/05\/SaltoyCentralHidroelectricaGrandasSalime_1.jpg\" \/>\n\t<meta property=\"og:image:width\" content=\"708\" \/>\n\t<meta property=\"og:image:height\" content=\"449\" \/>\n\t<meta property=\"og:image:type\" content=\"image\/jpeg\" \/>\n<meta name=\"author\" content=\"Andrea Alvarez\" \/>\n<meta name=\"twitter:label1\" content=\"Escrito por\" \/>\n\t<meta name=\"twitter:data1\" content=\"Andrea Alvarez\" \/>\n\t<meta name=\"twitter:label2\" content=\"Tiempo de lectura\" \/>\n\t<meta name=\"twitter:data2\" content=\"7 minutos\" \/>\n<script type=\"application\/ld+json\" class=\"yoast-schema-graph\">{\"@context\":\"https:\/\/schema.org\",\"@graph\":[{\"@type\":\"WebSite\",\"@id\":\"https:\/\/arquitecturadeasturias.com\/obras\/#website\",\"url\":\"https:\/\/arquitecturadeasturias.com\/obras\/\",\"name\":\"A-A\",\"description\":\"Arquitectura de Asturias\",\"potentialAction\":[{\"@type\":\"SearchAction\",\"target\":{\"@type\":\"EntryPoint\",\"urlTemplate\":\"https:\/\/arquitecturadeasturias.com\/obras\/?s={search_term_string}\"},\"query-input\":\"required name=search_term_string\"}],\"inLanguage\":\"es\"},{\"@type\":\"WebPage\",\"@id\":\"https:\/\/arquitecturadeasturias.com\/obras\/central-de-grandas-de-salime\/\",\"url\":\"https:\/\/arquitecturadeasturias.com\/obras\/central-de-grandas-de-salime\/\",\"name\":\"Central de Salime - A-A\",\"isPartOf\":{\"@id\":\"https:\/\/arquitecturadeasturias.com\/obras\/#website\"},\"datePublished\":\"2016-05-06T15:00:55+00:00\",\"dateModified\":\"2022-02-28T20:45:08+00:00\",\"author\":{\"@id\":\"https:\/\/arquitecturadeasturias.com\/obras\/#\/schema\/person\/f37b95bfa9cd48bf065b37227259101e\"},\"breadcrumb\":{\"@id\":\"https:\/\/arquitecturadeasturias.com\/obras\/central-de-grandas-de-salime\/#breadcrumb\"},\"inLanguage\":\"es\",\"potentialAction\":[{\"@type\":\"ReadAction\",\"target\":[\"https:\/\/arquitecturadeasturias.com\/obras\/central-de-grandas-de-salime\/\"]}]},{\"@type\":\"BreadcrumbList\",\"@id\":\"https:\/\/arquitecturadeasturias.com\/obras\/central-de-grandas-de-salime\/#breadcrumb\",\"itemListElement\":[{\"@type\":\"ListItem\",\"position\":1,\"name\":\"Portada\",\"item\":\"https:\/\/arquitecturadeasturias.com\/obras\/\"},{\"@type\":\"ListItem\",\"position\":2,\"name\":\"Central de Salime\"}]},{\"@type\":\"Person\",\"@id\":\"https:\/\/arquitecturadeasturias.com\/obras\/#\/schema\/person\/f37b95bfa9cd48bf065b37227259101e\",\"name\":\"Andrea Alvarez\",\"image\":{\"@type\":\"ImageObject\",\"inLanguage\":\"es\",\"@id\":\"https:\/\/arquitecturadeasturias.com\/obras\/#\/schema\/person\/image\/\",\"url\":\"https:\/\/secure.gravatar.com\/avatar\/60c3fd73dbf85a6417e2c19c1dbd5df2?s=96&d=identicon&r=g\",\"contentUrl\":\"https:\/\/secure.gravatar.com\/avatar\/60c3fd73dbf85a6417e2c19c1dbd5df2?s=96&d=identicon&r=g\",\"caption\":\"Andrea Alvarez\"},\"url\":\"https:\/\/arquitecturadeasturias.com\/obras\/author\/andrea-alvarez\/\"}]}<\/script>\n<!-- \/ Yoast SEO plugin. -->","yoast_head_json":{"title":"Central de Salime - A-A","robots":{"index":"index","follow":"follow","max-snippet":"max-snippet:-1","max-image-preview":"max-image-preview:large","max-video-preview":"max-video-preview:-1"},"canonical":"https:\/\/arquitecturadeasturias.com\/obras\/central-de-grandas-de-salime\/","og_locale":"es_ES","og_type":"article","og_title":"Central de Salime - A-A","og_description":"Joaqu\u00edn Vaquero Palacios; Grandas de Salime, 1953.  No que respeuta a la llabor arquiteut\u00f3nica, Vaquero Palacios, incorporase al proyeutu cola obra ya entamada. Un de los principales problemes a los qu\u2019enfrentose foi\u2019l de la escala, el concerniente a la propia monumentalid\u00e1 del obxetu industrial, una arquiteutura perdimension\u00e1. Nuna primera fase...","og_url":"https:\/\/arquitecturadeasturias.com\/obras\/central-de-grandas-de-salime\/","og_site_name":"A-A","article_published_time":"2016-05-06T15:00:55+00:00","article_modified_time":"2022-02-28T20:45:08+00:00","og_image":[{"width":708,"height":449,"url":"https:\/\/arquitecturadeasturias.com\/obras\/wp-content\/uploads\/2016\/05\/SaltoyCentralHidroelectricaGrandasSalime_1.jpg","type":"image\/jpeg"}],"author":"Andrea Alvarez","twitter_misc":{"Escrito por":"Andrea Alvarez","Tiempo de lectura":"7 minutos"},"schema":{"@context":"https:\/\/schema.org","@graph":[{"@type":"WebSite","@id":"https:\/\/arquitecturadeasturias.com\/obras\/#website","url":"https:\/\/arquitecturadeasturias.com\/obras\/","name":"A-A","description":"Arquitectura de Asturias","potentialAction":[{"@type":"SearchAction","target":{"@type":"EntryPoint","urlTemplate":"https:\/\/arquitecturadeasturias.com\/obras\/?s={search_term_string}"},"query-input":"required name=search_term_string"}],"inLanguage":"es"},{"@type":"WebPage","@id":"https:\/\/arquitecturadeasturias.com\/obras\/central-de-grandas-de-salime\/","url":"https:\/\/arquitecturadeasturias.com\/obras\/central-de-grandas-de-salime\/","name":"Central de Salime - A-A","isPartOf":{"@id":"https:\/\/arquitecturadeasturias.com\/obras\/#website"},"datePublished":"2016-05-06T15:00:55+00:00","dateModified":"2022-02-28T20:45:08+00:00","author":{"@id":"https:\/\/arquitecturadeasturias.com\/obras\/#\/schema\/person\/f37b95bfa9cd48bf065b37227259101e"},"breadcrumb":{"@id":"https:\/\/arquitecturadeasturias.com\/obras\/central-de-grandas-de-salime\/#breadcrumb"},"inLanguage":"es","potentialAction":[{"@type":"ReadAction","target":["https:\/\/arquitecturadeasturias.com\/obras\/central-de-grandas-de-salime\/"]}]},{"@type":"BreadcrumbList","@id":"https:\/\/arquitecturadeasturias.com\/obras\/central-de-grandas-de-salime\/#breadcrumb","itemListElement":[{"@type":"ListItem","position":1,"name":"Portada","item":"https:\/\/arquitecturadeasturias.com\/obras\/"},{"@type":"ListItem","position":2,"name":"Central de Salime"}]},{"@type":"Person","@id":"https:\/\/arquitecturadeasturias.com\/obras\/#\/schema\/person\/f37b95bfa9cd48bf065b37227259101e","name":"Andrea Alvarez","image":{"@type":"ImageObject","inLanguage":"es","@id":"https:\/\/arquitecturadeasturias.com\/obras\/#\/schema\/person\/image\/","url":"https:\/\/secure.gravatar.com\/avatar\/60c3fd73dbf85a6417e2c19c1dbd5df2?s=96&d=identicon&r=g","contentUrl":"https:\/\/secure.gravatar.com\/avatar\/60c3fd73dbf85a6417e2c19c1dbd5df2?s=96&d=identicon&r=g","caption":"Andrea Alvarez"},"url":"https:\/\/arquitecturadeasturias.com\/obras\/author\/andrea-alvarez\/"}]}},"_links":{"self":[{"href":"https:\/\/arquitecturadeasturias.com\/obras\/wp-json\/wp\/v2\/posts\/3635"}],"collection":[{"href":"https:\/\/arquitecturadeasturias.com\/obras\/wp-json\/wp\/v2\/posts"}],"about":[{"href":"https:\/\/arquitecturadeasturias.com\/obras\/wp-json\/wp\/v2\/types\/post"}],"author":[{"embeddable":true,"href":"https:\/\/arquitecturadeasturias.com\/obras\/wp-json\/wp\/v2\/users\/8"}],"replies":[{"embeddable":true,"href":"https:\/\/arquitecturadeasturias.com\/obras\/wp-json\/wp\/v2\/comments?post=3635"}],"version-history":[{"count":5,"href":"https:\/\/arquitecturadeasturias.com\/obras\/wp-json\/wp\/v2\/posts\/3635\/revisions"}],"predecessor-version":[{"id":6095,"href":"https:\/\/arquitecturadeasturias.com\/obras\/wp-json\/wp\/v2\/posts\/3635\/revisions\/6095"}],"wp:featuredmedia":[{"embeddable":true,"href":"https:\/\/arquitecturadeasturias.com\/obras\/wp-json\/wp\/v2\/media\/3636"}],"wp:attachment":[{"href":"https:\/\/arquitecturadeasturias.com\/obras\/wp-json\/wp\/v2\/media?parent=3635"}],"wp:term":[{"taxonomy":"category","embeddable":true,"href":"https:\/\/arquitecturadeasturias.com\/obras\/wp-json\/wp\/v2\/categories?post=3635"},{"taxonomy":"post_tag","embeddable":true,"href":"https:\/\/arquitecturadeasturias.com\/obras\/wp-json\/wp\/v2\/tags?post=3635"}],"curies":[{"name":"wp","href":"https:\/\/api.w.org\/{rel}","templated":true}]}}