{"id":372,"date":"2015-03-23T19:00:06","date_gmt":"2015-03-23T18:00:06","guid":{"rendered":"http:\/\/arquitecturadeasturias.com\/obras\/?p=372"},"modified":"2015-03-23T18:56:26","modified_gmt":"2015-03-23T17:56:26","slug":"comedor-del-colegio-guillen-lafuerza","status":"publish","type":"post","link":"https:\/\/arquitecturadeasturias.com\/obras\/comedor-del-colegio-guillen-lafuerza\/","title":{"rendered":"Comedor del Colegio Maestro Jaime Borr\u00e1s"},"content":{"rendered":"<p>&nbsp;<\/p>\n<p style=\"text-align: right;\"><a href=\"https:\/\/arquitecturadeasturias.com\/obras\/wp-content\/uploads\/2015\/03\/Exterior_012.jpg\"><img loading=\"lazy\" class=\"aligncenter size-full wp-image-400\" src=\"https:\/\/arquitecturadeasturias.com\/obras\/wp-content\/uploads\/2015\/03\/Exterior_012.jpg\" alt=\"Exterior_01\" width=\"770\" height=\"436\" srcset=\"https:\/\/arquitecturadeasturias.com\/obras\/wp-content\/uploads\/2015\/03\/Exterior_012.jpg 770w, https:\/\/arquitecturadeasturias.com\/obras\/wp-content\/uploads\/2015\/03\/Exterior_012-230x130.jpg 230w\" sizes=\"(max-width: 770px) 100vw, 770px\" \/><\/a><a href=\"http:\/\/www.marcosmorilla.com\/\">Marcos Morilla.<\/a><\/p>\n<table class=\"aligncenter\" border=\"0\" width=\"620\" cellspacing=\"0\" cellpadding=\"0\">\n<tbody>\n<tr>\n<td width=\"180\"><strong>Obra:<\/strong><\/td>\n<td>\u00a0Comedor del Colegio Guill\u00e9n Lafuerza<\/td>\n<\/tr>\n<tr>\n<td><strong>Arquitecto:<\/strong><\/td>\n<td>\u00a0Miguel \u00c1ngel Garc\u00eda-Pola Vallejo<\/td>\n<\/tr>\n<tr>\n<td><strong>Localidad:<\/strong><\/td>\n<td>\u00a0Oviedo<\/td>\n<\/tr>\n<tr>\n<td><strong>Ayuntamiento:<\/strong><\/td>\n<td>\u00a0Oviedo<\/td>\n<\/tr>\n<tr>\n<td><strong>A\u00f1o:<\/strong><\/td>\n<td>\u00a02014<\/td>\n<\/tr>\n<tr>\n<td><strong>Geolocalizaci\u00f3n:<\/strong><\/td>\n<td><a href=\"https:\/\/www.google.com\/fusiontables\/embedviz?q=select+col6+from+1InU4j1en-gRMKYhwLG5Jml-HUrpJQ44KqowJKWPY+where+col2+%3D+'Miguel+%C3%81ngel+Garc%C3%ADa-Pola+Vallejo'&amp;viz=MAP&amp;h=false&amp;lat=43.372346462426634&amp;lng=-5.820814524654452&amp;t=1&amp;z=20&amp;l=col6&amp;y=2&amp;tmplt=3&amp;hml=GEOCODABLE\" target=\"_blank\"><strong>43.372-5.820<\/strong><\/a><\/td>\n<\/tr>\n<\/tbody>\n<\/table>\n<table class=\" aligncenter\" border=\"0\" width=\"620\" cellspacing=\"0\" cellpadding=\"0\">\n<tbody>\n<tr>\n<td colspan=\"3\"><strong>Otros Datos:<\/strong><\/td>\n<\/tr>\n<tr>\n<td width=\"20\"><\/td>\n<td colspan=\"2\"><strong>Premios:<\/strong><\/td>\n<\/tr>\n<tr>\n<td width=\"20\"><\/td>\n<td width=\"20\"><\/td>\n<td width=\"580\"><\/td>\n<\/tr>\n<tr>\n<td width=\"20\"><\/td>\n<td colspan=\"2\"><strong>Publicaciones:<\/strong><\/td>\n<\/tr>\n<tr>\n<td width=\"20\"><\/td>\n<td width=\"20\"><\/td>\n<td><\/td>\n<\/tr>\n<tr>\n<td width=\"20\"><\/td>\n<td colspan=\"2\"><strong>Informaci\u00f3n en la\u00a0red:<\/strong><\/td>\n<\/tr>\n<tr>\n<td width=\"20\"><\/td>\n<td width=\"20\"><\/td>\n<td>\n<ul>\n<li><strong>\u00a0<a href=\"http:\/\/www.plataformaarquitectura.cl\/cl\/762042\/comedor-colegio-guillen-lafuerza-angel-garcia-plus-pola-vallejo\">plataformaarquitectura<\/a><\/strong><\/li>\n<li><strong>\u00a0<a href=\"http:\/\/www.archdaily.com\/601619\/guillen-lafuerza-school-dining-hall-miguel-angel-garcia-pola-vallejo\/\">archdaily<\/a><\/strong><\/li>\n<\/ul>\n<\/td>\n<\/tr>\n<tr>\n<td width=\"20\"><\/td>\n<td colspan=\"2\"><strong>Descripci\u00f3n del proyecto:<\/strong><\/td>\n<\/tr>\n<tr>\n<td width=\"20\"><\/td>\n<td width=\"20\"><\/td>\n<td>\u00abLa implantaci\u00f3n del edificio proyectado se genera tomando como referencia la ordenaci\u00f3n ortogonal del resto de edificios del Colegio P\u00fablico Guill\u00e9n Lafuerza.Debido a los condicionantes del programa, se plantea una soluci\u00f3n que minimice el tr\u00e1nsito peatonal cubierto desde los dem\u00e1s edificios y la proximidad a la zona de tr\u00e1fico rodado, para posibilitar el acceso de mercanc\u00edas a la cocina del comedor desde el aparcamiento existente.<\/p>\n<p>El edificio, de planta rectangular y forma prism\u00e1tica, se reviste con una envolvente met\u00e1lica de chapa perfilada, con las aristas curvadas, para suavizar el impacto visual que produce su implantaci\u00f3n en el lugar. Con esta soluci\u00f3n se evitan adem\u00e1s los posibles canalones y los encuentros entre los cerramientos de la fachada y de la cubierta, facilitando el mantenimiento del edificio.<\/p>\n<p>La planta, apenas compartimentada, dispone de una sala destinada a comedor, una cocina, un \u00e1rea de guardarrop\u00eda y dep\u00f3sito de mochilas y aseos para ambos sexos.<\/p>\n<p>Considerando el reducido periodo de tiempo previsto para su construcci\u00f3n, debido a la urgente necesidad del equipamiento, se plante\u00f3 una soluci\u00f3n prefabricada, subdividiendo el volumen principal en cuatro m\u00f3dulos prism\u00e1ticos que se apoyar\u00edan sobre un muro de hormig\u00f3n armado y sobre pilares de acero laminado de diferente altura para adaptarse a la topograf\u00eda del terreno.\u00bb\u00a0\u00a6\u00a0Miguel \u00c1ngel Garc\u00eda-Pola Vallejo<\/td>\n<\/tr>\n<tr>\n<td width=\"20\"><\/td>\n<td colspan=\"2\"><b>Reportaje fotogr\u00e1fico: <\/b><a href=\"http:\/\/www.marcosmorilla.com\/\">Manuel Morilla<\/a><\/td>\n<\/tr>\n<tr>\n<td width=\"20\"><\/td>\n<td colspan=\"2\">\n\t\t<div id='gallery-37215' class='gallery carousel slide'> <div class='carousel-inner' data-interval='7000'><div class='item active'><img src='https:\/\/arquitecturadeasturias.com\/obras\/wp-content\/uploads\/2015\/03\/Exterior_02.jpg' \/><span class='gallery-caption'><\/span><\/div><div class='item'><img src='https:\/\/arquitecturadeasturias.com\/obras\/wp-content\/uploads\/2015\/03\/Portada_Exterior_08.jpg' \/><span class='gallery-caption'><\/span><\/div><div class='item'><img src='https:\/\/arquitecturadeasturias.com\/obras\/wp-content\/uploads\/2015\/03\/Exterior_05.jpg' \/><span class='gallery-caption'><\/span><\/div><div class='item'><img src='https:\/\/arquitecturadeasturias.com\/obras\/wp-content\/uploads\/2015\/03\/Exterior_04.jpg' \/><span class='gallery-caption'><\/span><\/div><div class='item'><img src='https:\/\/arquitecturadeasturias.com\/obras\/wp-content\/uploads\/2015\/03\/Interior_03.jpg' \/><span class='gallery-caption'><\/span><\/div><div class='item'><img src='https:\/\/arquitecturadeasturias.com\/obras\/wp-content\/uploads\/2015\/03\/Interior_05.jpg' \/><span class='gallery-caption'><\/span><\/div> <\/div><div class=\"carousel-nav\"><ul><\/ul><\/div><a class=\"carousel-control left\" href=\"#gallery-37215\" data-slide=\"prev\"><i class=\"icon-chevron-left\"><\/i><\/a>\r\n        <a class=\"carousel-control right\" href=\"#gallery-37215\" data-slide=\"next\"><i class=\"icon-chevron-right\"><\/i><\/a><\/div><\/td>\n<\/tr>\n<tr>\n<td width=\"20\"><\/td>\n<td colspan=\"2\"><strong>Planos: <\/strong><a href=\"http:\/\/www.plataformaarquitectura.cl\/cl\/762042\/comedor-colegio-guillen-lafuerza-angel-garcia-plus-pola-vallejo\" target=\"_blank\">plataformaarquitectura<\/a><\/td>\n<\/tr>\n<tr>\n<td width=\"20\"><\/td>\n<td colspan=\"2\">\n\t\t<div id='gallery-3722' class='gallery carousel slide'> <div class='carousel-inner' data-interval='7000'><div class='item active'><img src='https:\/\/arquitecturadeasturias.com\/obras\/wp-content\/uploads\/2015\/03\/Emplazamiento.jpg' \/><span class='gallery-caption'>Emplazamiento<\/span><\/div><div class='item'><img src='https:\/\/arquitecturadeasturias.com\/obras\/wp-content\/uploads\/2015\/03\/Planta.jpg' \/><span class='gallery-caption'>Planta<\/span><\/div><div class='item'><img src='https:\/\/arquitecturadeasturias.com\/obras\/wp-content\/uploads\/2015\/03\/elevacion_sur-1.jpg' \/><span class='gallery-caption'>Alzado Sur<\/span><\/div><div class='item'><img src='https:\/\/arquitecturadeasturias.com\/obras\/wp-content\/uploads\/2015\/03\/elevacion_este1.jpg' \/><span class='gallery-caption'>Alzado Este<\/span><\/div><div class='item'><img src='https:\/\/arquitecturadeasturias.com\/obras\/wp-content\/uploads\/2015\/03\/elevacion_norte1.jpg' \/><span class='gallery-caption'>Alzado Norte<\/span><\/div><div class='item'><img src='https:\/\/arquitecturadeasturias.com\/obras\/wp-content\/uploads\/2015\/03\/elevacion_oeste1.jpg' \/><span class='gallery-caption'>Alzado Oeste<\/span><\/div><div class='item'><img src='https:\/\/arquitecturadeasturias.com\/obras\/wp-content\/uploads\/2015\/03\/Seccion_transversal_2.jpg' \/><span class='gallery-caption'>Seccion<\/span><\/div> <\/div><div class=\"carousel-nav\"><ul><\/ul><\/div><a class=\"carousel-control left\" href=\"#gallery-3722\" data-slide=\"prev\"><i class=\"icon-chevron-left\"><\/i><\/a>\r\n        <a class=\"carousel-control right\" href=\"#gallery-3722\" data-slide=\"next\"><i class=\"icon-chevron-right\"><\/i><\/a><\/div><\/td>\n<\/tr>\n<\/tbody>\n<\/table>\n","protected":false},"excerpt":{"rendered":"<p>&nbsp; Marcos Morilla. Obra: \u00a0Comedor del Colegio Guill\u00e9n Lafuerza Arquitecto: \u00a0Miguel \u00c1ngel Garc\u00eda-Pola Vallejo Localidad: \u00a0Oviedo Ayuntamiento: \u00a0Oviedo A\u00f1o: \u00a02014 Geolocalizaci\u00f3n: 43.372-5.820 Otros Datos: Premios: Publicaciones: Informaci\u00f3n en la\u00a0red: \u00a0plataformaarquitectura \u00a0archdaily Descripci\u00f3n del proyecto: \u00abLa implantaci\u00f3n del edificio proyectado se genera tomando como referencia la ordenaci\u00f3n ortogonal del resto de edificios del Colegio P\u00fablico Guill\u00e9n<a href=\"https:\/\/arquitecturadeasturias.com\/obras\/comedor-del-colegio-guillen-lafuerza\/\" title=\"Read more\" >&#8230;<\/a><\/p>\n","protected":false},"author":8,"featured_media":400,"comment_status":"closed","ping_status":"closed","sticky":false,"template":"","format":"standard","meta":[],"categories":[123],"tags":[],"yoast_head":"<!-- This site is optimized with the Yoast SEO plugin v19.4 - https:\/\/yoast.com\/wordpress\/plugins\/seo\/ -->\n<title>Comedor del Colegio Maestro Jaime Borr\u00e1s - A-A<\/title>\n<meta name=\"robots\" content=\"index, follow, max-snippet:-1, max-image-preview:large, max-video-preview:-1\" \/>\n<link rel=\"canonical\" href=\"https:\/\/arquitecturadeasturias.com\/obras\/comedor-del-colegio-guillen-lafuerza\/\" \/>\n<meta property=\"og:locale\" content=\"es_ES\" \/>\n<meta property=\"og:type\" content=\"article\" \/>\n<meta property=\"og:title\" content=\"Comedor del Colegio Maestro Jaime Borr\u00e1s - A-A\" \/>\n<meta property=\"og:description\" content=\"&nbsp; Marcos Morilla. Obra: \u00a0Comedor del Colegio Guill\u00e9n Lafuerza Arquitecto: \u00a0Miguel \u00c1ngel Garc\u00eda-Pola Vallejo Localidad: \u00a0Oviedo Ayuntamiento: \u00a0Oviedo A\u00f1o: \u00a02014 Geolocalizaci\u00f3n: 43.372-5.820 Otros Datos: Premios: Publicaciones: Informaci\u00f3n en la\u00a0red: \u00a0plataformaarquitectura \u00a0archdaily Descripci\u00f3n del proyecto: \u00abLa implantaci\u00f3n del edificio proyectado se genera tomando como referencia la ordenaci\u00f3n ortogonal del resto de edificios del Colegio P\u00fablico Guill\u00e9n...\" \/>\n<meta property=\"og:url\" content=\"https:\/\/arquitecturadeasturias.com\/obras\/comedor-del-colegio-guillen-lafuerza\/\" \/>\n<meta property=\"og:site_name\" content=\"A-A\" \/>\n<meta property=\"article:published_time\" content=\"2015-03-23T18:00:06+00:00\" \/>\n<meta property=\"article:modified_time\" content=\"2015-03-23T17:56:26+00:00\" \/>\n<meta property=\"og:image\" content=\"https:\/\/arquitecturadeasturias.com\/obras\/wp-content\/uploads\/2015\/03\/Exterior_012.jpg\" \/>\n\t<meta property=\"og:image:width\" content=\"770\" \/>\n\t<meta property=\"og:image:height\" content=\"436\" \/>\n\t<meta property=\"og:image:type\" content=\"image\/jpeg\" \/>\n<meta name=\"author\" content=\"Andrea Alvarez\" \/>\n<meta name=\"twitter:label1\" content=\"Escrito por\" \/>\n\t<meta name=\"twitter:data1\" content=\"Andrea Alvarez\" \/>\n\t<meta name=\"twitter:label2\" content=\"Tiempo de lectura\" \/>\n\t<meta name=\"twitter:data2\" content=\"1 minuto\" \/>\n<script type=\"application\/ld+json\" class=\"yoast-schema-graph\">{\"@context\":\"https:\/\/schema.org\",\"@graph\":[{\"@type\":\"WebSite\",\"@id\":\"https:\/\/arquitecturadeasturias.com\/obras\/#website\",\"url\":\"https:\/\/arquitecturadeasturias.com\/obras\/\",\"name\":\"A-A\",\"description\":\"Arquitectura de Asturias\",\"potentialAction\":[{\"@type\":\"SearchAction\",\"target\":{\"@type\":\"EntryPoint\",\"urlTemplate\":\"https:\/\/arquitecturadeasturias.com\/obras\/?s={search_term_string}\"},\"query-input\":\"required name=search_term_string\"}],\"inLanguage\":\"es\"},{\"@type\":\"WebPage\",\"@id\":\"https:\/\/arquitecturadeasturias.com\/obras\/comedor-del-colegio-guillen-lafuerza\/\",\"url\":\"https:\/\/arquitecturadeasturias.com\/obras\/comedor-del-colegio-guillen-lafuerza\/\",\"name\":\"Comedor del Colegio Maestro Jaime Borr\u00e1s - A-A\",\"isPartOf\":{\"@id\":\"https:\/\/arquitecturadeasturias.com\/obras\/#website\"},\"datePublished\":\"2015-03-23T18:00:06+00:00\",\"dateModified\":\"2015-03-23T17:56:26+00:00\",\"author\":{\"@id\":\"https:\/\/arquitecturadeasturias.com\/obras\/#\/schema\/person\/f37b95bfa9cd48bf065b37227259101e\"},\"breadcrumb\":{\"@id\":\"https:\/\/arquitecturadeasturias.com\/obras\/comedor-del-colegio-guillen-lafuerza\/#breadcrumb\"},\"inLanguage\":\"es\",\"potentialAction\":[{\"@type\":\"ReadAction\",\"target\":[\"https:\/\/arquitecturadeasturias.com\/obras\/comedor-del-colegio-guillen-lafuerza\/\"]}]},{\"@type\":\"BreadcrumbList\",\"@id\":\"https:\/\/arquitecturadeasturias.com\/obras\/comedor-del-colegio-guillen-lafuerza\/#breadcrumb\",\"itemListElement\":[{\"@type\":\"ListItem\",\"position\":1,\"name\":\"Portada\",\"item\":\"https:\/\/arquitecturadeasturias.com\/obras\/\"},{\"@type\":\"ListItem\",\"position\":2,\"name\":\"Comedor del Colegio Maestro Jaime Borr\u00e1s\"}]},{\"@type\":\"Person\",\"@id\":\"https:\/\/arquitecturadeasturias.com\/obras\/#\/schema\/person\/f37b95bfa9cd48bf065b37227259101e\",\"name\":\"Andrea Alvarez\",\"image\":{\"@type\":\"ImageObject\",\"inLanguage\":\"es\",\"@id\":\"https:\/\/arquitecturadeasturias.com\/obras\/#\/schema\/person\/image\/\",\"url\":\"https:\/\/secure.gravatar.com\/avatar\/60c3fd73dbf85a6417e2c19c1dbd5df2?s=96&d=identicon&r=g\",\"contentUrl\":\"https:\/\/secure.gravatar.com\/avatar\/60c3fd73dbf85a6417e2c19c1dbd5df2?s=96&d=identicon&r=g\",\"caption\":\"Andrea Alvarez\"},\"url\":\"https:\/\/arquitecturadeasturias.com\/obras\/author\/andrea-alvarez\/\"}]}<\/script>\n<!-- \/ Yoast SEO plugin. -->","yoast_head_json":{"title":"Comedor del Colegio Maestro Jaime Borr\u00e1s - A-A","robots":{"index":"index","follow":"follow","max-snippet":"max-snippet:-1","max-image-preview":"max-image-preview:large","max-video-preview":"max-video-preview:-1"},"canonical":"https:\/\/arquitecturadeasturias.com\/obras\/comedor-del-colegio-guillen-lafuerza\/","og_locale":"es_ES","og_type":"article","og_title":"Comedor del Colegio Maestro Jaime Borr\u00e1s - A-A","og_description":"&nbsp; Marcos Morilla. Obra: \u00a0Comedor del Colegio Guill\u00e9n Lafuerza Arquitecto: \u00a0Miguel \u00c1ngel Garc\u00eda-Pola Vallejo Localidad: \u00a0Oviedo Ayuntamiento: \u00a0Oviedo A\u00f1o: \u00a02014 Geolocalizaci\u00f3n: 43.372-5.820 Otros Datos: Premios: Publicaciones: Informaci\u00f3n en la\u00a0red: \u00a0plataformaarquitectura \u00a0archdaily Descripci\u00f3n del proyecto: \u00abLa implantaci\u00f3n del edificio proyectado se genera tomando como referencia la ordenaci\u00f3n ortogonal del resto de edificios del Colegio P\u00fablico Guill\u00e9n...","og_url":"https:\/\/arquitecturadeasturias.com\/obras\/comedor-del-colegio-guillen-lafuerza\/","og_site_name":"A-A","article_published_time":"2015-03-23T18:00:06+00:00","article_modified_time":"2015-03-23T17:56:26+00:00","og_image":[{"width":770,"height":436,"url":"https:\/\/arquitecturadeasturias.com\/obras\/wp-content\/uploads\/2015\/03\/Exterior_012.jpg","type":"image\/jpeg"}],"author":"Andrea Alvarez","twitter_misc":{"Escrito por":"Andrea Alvarez","Tiempo de lectura":"1 minuto"},"schema":{"@context":"https:\/\/schema.org","@graph":[{"@type":"WebSite","@id":"https:\/\/arquitecturadeasturias.com\/obras\/#website","url":"https:\/\/arquitecturadeasturias.com\/obras\/","name":"A-A","description":"Arquitectura de Asturias","potentialAction":[{"@type":"SearchAction","target":{"@type":"EntryPoint","urlTemplate":"https:\/\/arquitecturadeasturias.com\/obras\/?s={search_term_string}"},"query-input":"required name=search_term_string"}],"inLanguage":"es"},{"@type":"WebPage","@id":"https:\/\/arquitecturadeasturias.com\/obras\/comedor-del-colegio-guillen-lafuerza\/","url":"https:\/\/arquitecturadeasturias.com\/obras\/comedor-del-colegio-guillen-lafuerza\/","name":"Comedor del Colegio Maestro Jaime Borr\u00e1s - A-A","isPartOf":{"@id":"https:\/\/arquitecturadeasturias.com\/obras\/#website"},"datePublished":"2015-03-23T18:00:06+00:00","dateModified":"2015-03-23T17:56:26+00:00","author":{"@id":"https:\/\/arquitecturadeasturias.com\/obras\/#\/schema\/person\/f37b95bfa9cd48bf065b37227259101e"},"breadcrumb":{"@id":"https:\/\/arquitecturadeasturias.com\/obras\/comedor-del-colegio-guillen-lafuerza\/#breadcrumb"},"inLanguage":"es","potentialAction":[{"@type":"ReadAction","target":["https:\/\/arquitecturadeasturias.com\/obras\/comedor-del-colegio-guillen-lafuerza\/"]}]},{"@type":"BreadcrumbList","@id":"https:\/\/arquitecturadeasturias.com\/obras\/comedor-del-colegio-guillen-lafuerza\/#breadcrumb","itemListElement":[{"@type":"ListItem","position":1,"name":"Portada","item":"https:\/\/arquitecturadeasturias.com\/obras\/"},{"@type":"ListItem","position":2,"name":"Comedor del Colegio Maestro Jaime Borr\u00e1s"}]},{"@type":"Person","@id":"https:\/\/arquitecturadeasturias.com\/obras\/#\/schema\/person\/f37b95bfa9cd48bf065b37227259101e","name":"Andrea Alvarez","image":{"@type":"ImageObject","inLanguage":"es","@id":"https:\/\/arquitecturadeasturias.com\/obras\/#\/schema\/person\/image\/","url":"https:\/\/secure.gravatar.com\/avatar\/60c3fd73dbf85a6417e2c19c1dbd5df2?s=96&d=identicon&r=g","contentUrl":"https:\/\/secure.gravatar.com\/avatar\/60c3fd73dbf85a6417e2c19c1dbd5df2?s=96&d=identicon&r=g","caption":"Andrea Alvarez"},"url":"https:\/\/arquitecturadeasturias.com\/obras\/author\/andrea-alvarez\/"}]}},"_links":{"self":[{"href":"https:\/\/arquitecturadeasturias.com\/obras\/wp-json\/wp\/v2\/posts\/372"}],"collection":[{"href":"https:\/\/arquitecturadeasturias.com\/obras\/wp-json\/wp\/v2\/posts"}],"about":[{"href":"https:\/\/arquitecturadeasturias.com\/obras\/wp-json\/wp\/v2\/types\/post"}],"author":[{"embeddable":true,"href":"https:\/\/arquitecturadeasturias.com\/obras\/wp-json\/wp\/v2\/users\/8"}],"replies":[{"embeddable":true,"href":"https:\/\/arquitecturadeasturias.com\/obras\/wp-json\/wp\/v2\/comments?post=372"}],"version-history":[{"count":4,"href":"https:\/\/arquitecturadeasturias.com\/obras\/wp-json\/wp\/v2\/posts\/372\/revisions"}],"predecessor-version":[{"id":420,"href":"https:\/\/arquitecturadeasturias.com\/obras\/wp-json\/wp\/v2\/posts\/372\/revisions\/420"}],"wp:featuredmedia":[{"embeddable":true,"href":"https:\/\/arquitecturadeasturias.com\/obras\/wp-json\/wp\/v2\/media\/400"}],"wp:attachment":[{"href":"https:\/\/arquitecturadeasturias.com\/obras\/wp-json\/wp\/v2\/media?parent=372"}],"wp:term":[{"taxonomy":"category","embeddable":true,"href":"https:\/\/arquitecturadeasturias.com\/obras\/wp-json\/wp\/v2\/categories?post=372"},{"taxonomy":"post_tag","embeddable":true,"href":"https:\/\/arquitecturadeasturias.com\/obras\/wp-json\/wp\/v2\/tags?post=372"}],"curies":[{"name":"wp","href":"https:\/\/api.w.org\/{rel}","templated":true}]}}