{"id":498,"date":"2015-03-26T19:00:24","date_gmt":"2015-03-26T18:00:24","guid":{"rendered":"http:\/\/arquitecturadeasturias.com\/obras\/?p=498"},"modified":"2015-06-26T11:45:05","modified_gmt":"2015-06-26T10:45:05","slug":"edificio-id-para-la-autoridad-portuaria-de-gijon","status":"publish","type":"post","link":"https:\/\/arquitecturadeasturias.com\/obras\/edificio-id-para-la-autoridad-portuaria-de-gijon\/","title":{"rendered":"Edificio I+D para la Autoridad Portuaria de Gij\u00f3n"},"content":{"rendered":"<p><a href=\"https:\/\/arquitecturadeasturias.com\/obras\/wp-content\/uploads\/2015\/03\/02-puerto.jpg\"><img loading=\"lazy\" class=\"aligncenter size-full wp-image-1830\" src=\"https:\/\/arquitecturadeasturias.com\/obras\/wp-content\/uploads\/2015\/03\/02-puerto.jpg\" alt=\"9-SUZU.TIF\" width=\"770\" height=\"951\" \/><\/a><\/p>\n<p style=\"text-align: right;\">Hisao Suzuki<\/p>\n<table class=\"aligncenter\" border=\"0\" width=\"620\" cellspacing=\"0\" cellpadding=\"0\">\n<tbody>\n<tr>\n<td width=\"180\"><strong>Obra:<\/strong><\/td>\n<td>\u00a0Edificio I+D para la Autoridad Portuaria de Gij\u00f3n<\/td>\n<\/tr>\n<tr>\n<td><strong>Arquitecto:<\/strong><\/td>\n<td>\u00a0Diego Llaca<\/td>\n<\/tr>\n<tr>\n<td><strong>Localidad:<\/strong><\/td>\n<td>\u00a0Gij\u00f3n<\/td>\n<\/tr>\n<tr>\n<td><strong>Ayuntamiento:<\/strong><\/td>\n<td>\u00a0Gij\u00f3n<\/td>\n<\/tr>\n<tr>\n<td><strong>A\u00f1o:<\/strong><\/td>\n<td>\u00a02012<\/td>\n<\/tr>\n<tr>\n<td><strong>Geolocalizaci\u00f3n:<\/strong><\/td>\n<td><a href=\"https:\/\/www.google.com\/fusiontables\/embedviz?q=select+col6+from+1InU4j1en-gRMKYhwLG5Jml-HUrpJQ44KqowJKWPY+where+col2+%3D+'Diego+Llaca'&amp;viz=MAP&amp;h=false&amp;lat=43.522037744720166&amp;lng=-5.61165787732989&amp;t=1&amp;z=18&amp;l=col6&amp;y=2&amp;tmplt=3&amp;hml=GEOCODABLE\" target=\"_blank\"><strong>43.522-5.612<\/strong><\/a><\/td>\n<\/tr>\n<\/tbody>\n<\/table>\n<table class=\" aligncenter\" border=\"0\" width=\"620\" cellspacing=\"0\" cellpadding=\"0\">\n<tbody>\n<tr>\n<td colspan=\"3\"><strong>Otros Datos:<\/strong><\/td>\n<\/tr>\n<tr>\n<td width=\"20\"><\/td>\n<td colspan=\"2\"><strong>Premios:<\/strong><\/td>\n<\/tr>\n<tr>\n<td width=\"20\"><\/td>\n<td width=\"20\"><\/td>\n<td width=\"580\">\u00a0Finalista ARQAno 2008<\/td>\n<\/tr>\n<tr>\n<td width=\"20\"><\/td>\n<td colspan=\"2\"><strong>Publicaciones:<\/strong><\/td>\n<\/tr>\n<tr>\n<td width=\"20\"><\/td>\n<td width=\"20\"><\/td>\n<td>\u00a0Premios de arquitectura ARQAno \u00a6 Arquitectura viva, 2010, n.132<\/td>\n<\/tr>\n<tr>\n<td width=\"20\"><\/td>\n<td colspan=\"2\"><strong>Informaci\u00f3n en la\u00a0red:<\/strong><\/td>\n<\/tr>\n<tr>\n<td width=\"20\"><\/td>\n<td width=\"20\"><\/td>\n<td>\n<ul>\n<li>\u00a0<strong><a href=\"http:\/\/www.diegollaca.com\/\" target=\"_blank\">diegollaca.com<\/a><\/strong><\/li>\n<\/ul>\n<\/td>\n<\/tr>\n<tr>\n<td width=\"20\"><\/td>\n<td colspan=\"2\"><strong>Descripci\u00f3n del proyecto:<\/strong><\/td>\n<\/tr>\n<tr>\n<td width=\"20\"><\/td>\n<td width=\"20\"><\/td>\n<td>\u00abEste edificio, promovido por la Autoridad Portuaria del Musel, est\u00e1 destinado a la investigaci\u00f3n y a la promoci\u00f3n de sus actividades. Situado en el Parque Cient\u00edfico y Tecnol\u00f3gico de Cabue\u00f1es, se encuentra a los pies de la Universidad Laboral de Gij\u00f3n, el monumental conjunto constituido por Luis Moya a mediados del siglo pasado.<br \/>\nLa fachada sur, frente a la carretera de la costa, transmite la imagen m\u00e1s visible de edificio. El parasol, que permite el control de la insolaci\u00f3n, da una visi\u00f3n cambiante del edificio desde la percepci\u00f3n en movimiento que se produce desde la carretera.<br \/>\nLa configuraci\u00f3n abstracta de esta fachada sugiere un z\u00f3calo de almohadillado cicl\u00f3peo o una escollera de geometr\u00eda obl\u00edcua, para asumir un car\u00e1cter de basamento que por su posici\u00f3n a los pies de la Universidad Laboral le corresponde.l.\u00bb \u00a6 Diego\u00a0Llaca<\/td>\n<\/tr>\n<tr>\n<td width=\"20\"><\/td>\n<td colspan=\"2\"><b>Reportaje fotogr\u00e1fico:\u00a0<\/b>Hisao Suzuki<\/td>\n<\/tr>\n<tr>\n<td width=\"20\"><\/td>\n<td colspan=\"2\">\n\t\t<div id='gallery-4982' class='gallery carousel slide'> <div class='carousel-inner' data-interval='7000'><div class='item active'><img src='https:\/\/arquitecturadeasturias.com\/obras\/wp-content\/uploads\/2015\/03\/01-puerto.jpg' \/><span class='gallery-caption'><\/span><\/div><div class='item'><img src='https:\/\/arquitecturadeasturias.com\/obras\/wp-content\/uploads\/2015\/03\/03-puerto.jpg' \/><span class='gallery-caption'><\/span><\/div><div class='item'><img src='https:\/\/arquitecturadeasturias.com\/obras\/wp-content\/uploads\/2015\/03\/06-Puerto.jpg' \/><span class='gallery-caption'><\/span><\/div><div class='item'><img src='https:\/\/arquitecturadeasturias.com\/obras\/wp-content\/uploads\/2015\/03\/07-Puerto.jpg' \/><span class='gallery-caption'><\/span><\/div><div class='item'><img src='https:\/\/arquitecturadeasturias.com\/obras\/wp-content\/uploads\/2015\/03\/04-puerto.jpg' \/><span class='gallery-caption'><\/span><\/div><div class='item'><img src='https:\/\/arquitecturadeasturias.com\/obras\/wp-content\/uploads\/2015\/03\/05-puerto.jpg' \/><span class='gallery-caption'><\/span><\/div><div class='item'><img src='https:\/\/arquitecturadeasturias.com\/obras\/wp-content\/uploads\/2015\/03\/08-Puerto.jpg' \/><span class='gallery-caption'><\/span><\/div> <\/div><div class=\"carousel-nav\"><ul><\/ul><\/div><a class=\"carousel-control left\" href=\"#gallery-4982\" data-slide=\"prev\"><i class=\"icon-chevron-left\"><\/i><\/a>\r\n        <a class=\"carousel-control right\" href=\"#gallery-4982\" data-slide=\"next\"><i class=\"icon-chevron-right\"><\/i><\/a><\/div><\/td>\n<\/tr>\n<tr>\n<td width=\"20\"><\/td>\n<td colspan=\"2\"><strong>Planos:\u00a0<\/strong><\/td>\n<\/tr>\n<tr>\n<td width=\"20\"><\/td>\n<td colspan=\"2\">\u00a0<a href=\"https:\/\/arquitecturadeasturias.com\/obras\/wp-content\/uploads\/2015\/03\/Seccion-Transversal.jpg\"><img loading=\"lazy\" class=\"aligncenter wp-image-1838 size-full\" src=\"https:\/\/arquitecturadeasturias.com\/obras\/wp-content\/uploads\/2015\/03\/Seccion-Transversal-e1434476250676.jpg\" alt=\"(C:\\_Proyecto\\_PROYECTOS CERRADOS\\CONCURSO Puerto de Gij363n\" width=\"426\" height=\"321\" \/><\/a><\/td>\n<\/tr>\n<\/tbody>\n<\/table>\n","protected":false},"excerpt":{"rendered":"<p>Hisao Suzuki Obra: \u00a0Edificio I+D para la Autoridad Portuaria de Gij\u00f3n Arquitecto: \u00a0Diego Llaca Localidad: \u00a0Gij\u00f3n Ayuntamiento: \u00a0Gij\u00f3n A\u00f1o: \u00a02012 Geolocalizaci\u00f3n: 43.522-5.612 Otros Datos: Premios: \u00a0Finalista ARQAno 2008 Publicaciones: \u00a0Premios de arquitectura ARQAno \u00a6 Arquitectura viva, 2010, n.132 Informaci\u00f3n en la\u00a0red: \u00a0diegollaca.com Descripci\u00f3n del proyecto: \u00abEste edificio, promovido por la Autoridad Portuaria del Musel, est\u00e1<a href=\"https:\/\/arquitecturadeasturias.com\/obras\/edificio-id-para-la-autoridad-portuaria-de-gijon\/\" title=\"Read more\" >&#8230;<\/a><\/p>\n","protected":false},"author":8,"featured_media":514,"comment_status":"closed","ping_status":"closed","sticky":false,"template":"","format":"standard","meta":[],"categories":[123],"tags":[],"yoast_head":"<!-- This site is optimized with the Yoast SEO plugin v19.4 - https:\/\/yoast.com\/wordpress\/plugins\/seo\/ -->\n<title>Edificio I+D para la Autoridad Portuaria de Gij\u00f3n - A-A<\/title>\n<meta name=\"robots\" content=\"index, follow, max-snippet:-1, max-image-preview:large, max-video-preview:-1\" \/>\n<link rel=\"canonical\" href=\"https:\/\/arquitecturadeasturias.com\/obras\/edificio-id-para-la-autoridad-portuaria-de-gijon\/\" \/>\n<meta property=\"og:locale\" content=\"es_ES\" \/>\n<meta property=\"og:type\" content=\"article\" \/>\n<meta property=\"og:title\" content=\"Edificio I+D para la Autoridad Portuaria de Gij\u00f3n - A-A\" \/>\n<meta property=\"og:description\" content=\"Hisao Suzuki Obra: \u00a0Edificio I+D para la Autoridad Portuaria de Gij\u00f3n Arquitecto: \u00a0Diego Llaca Localidad: \u00a0Gij\u00f3n Ayuntamiento: \u00a0Gij\u00f3n A\u00f1o: \u00a02012 Geolocalizaci\u00f3n: 43.522-5.612 Otros Datos: Premios: \u00a0Finalista ARQAno 2008 Publicaciones: \u00a0Premios de arquitectura ARQAno \u00a6 Arquitectura viva, 2010, n.132 Informaci\u00f3n en la\u00a0red: \u00a0diegollaca.com Descripci\u00f3n del proyecto: \u00abEste edificio, promovido por la Autoridad Portuaria del Musel, est\u00e1...\" \/>\n<meta property=\"og:url\" content=\"https:\/\/arquitecturadeasturias.com\/obras\/edificio-id-para-la-autoridad-portuaria-de-gijon\/\" \/>\n<meta property=\"og:site_name\" content=\"A-A\" \/>\n<meta property=\"article:published_time\" content=\"2015-03-26T18:00:24+00:00\" \/>\n<meta property=\"article:modified_time\" content=\"2015-06-26T10:45:05+00:00\" \/>\n<meta property=\"og:image\" content=\"https:\/\/arquitecturadeasturias.com\/obras\/wp-content\/uploads\/2015\/03\/021.jpg\" \/>\n\t<meta property=\"og:image:width\" content=\"770\" \/>\n\t<meta property=\"og:image:height\" content=\"954\" \/>\n\t<meta property=\"og:image:type\" content=\"image\/jpeg\" \/>\n<meta name=\"author\" content=\"Andrea Alvarez\" \/>\n<meta name=\"twitter:label1\" content=\"Escrito por\" \/>\n\t<meta name=\"twitter:data1\" content=\"Andrea Alvarez\" \/>\n\t<meta name=\"twitter:label2\" content=\"Tiempo de lectura\" \/>\n\t<meta name=\"twitter:data2\" content=\"1 minuto\" \/>\n<script type=\"application\/ld+json\" class=\"yoast-schema-graph\">{\"@context\":\"https:\/\/schema.org\",\"@graph\":[{\"@type\":\"WebSite\",\"@id\":\"https:\/\/arquitecturadeasturias.com\/obras\/#website\",\"url\":\"https:\/\/arquitecturadeasturias.com\/obras\/\",\"name\":\"A-A\",\"description\":\"Arquitectura de Asturias\",\"potentialAction\":[{\"@type\":\"SearchAction\",\"target\":{\"@type\":\"EntryPoint\",\"urlTemplate\":\"https:\/\/arquitecturadeasturias.com\/obras\/?s={search_term_string}\"},\"query-input\":\"required name=search_term_string\"}],\"inLanguage\":\"es\"},{\"@type\":\"WebPage\",\"@id\":\"https:\/\/arquitecturadeasturias.com\/obras\/edificio-id-para-la-autoridad-portuaria-de-gijon\/\",\"url\":\"https:\/\/arquitecturadeasturias.com\/obras\/edificio-id-para-la-autoridad-portuaria-de-gijon\/\",\"name\":\"Edificio I+D para la Autoridad Portuaria de Gij\u00f3n - A-A\",\"isPartOf\":{\"@id\":\"https:\/\/arquitecturadeasturias.com\/obras\/#website\"},\"datePublished\":\"2015-03-26T18:00:24+00:00\",\"dateModified\":\"2015-06-26T10:45:05+00:00\",\"author\":{\"@id\":\"https:\/\/arquitecturadeasturias.com\/obras\/#\/schema\/person\/f37b95bfa9cd48bf065b37227259101e\"},\"breadcrumb\":{\"@id\":\"https:\/\/arquitecturadeasturias.com\/obras\/edificio-id-para-la-autoridad-portuaria-de-gijon\/#breadcrumb\"},\"inLanguage\":\"es\",\"potentialAction\":[{\"@type\":\"ReadAction\",\"target\":[\"https:\/\/arquitecturadeasturias.com\/obras\/edificio-id-para-la-autoridad-portuaria-de-gijon\/\"]}]},{\"@type\":\"BreadcrumbList\",\"@id\":\"https:\/\/arquitecturadeasturias.com\/obras\/edificio-id-para-la-autoridad-portuaria-de-gijon\/#breadcrumb\",\"itemListElement\":[{\"@type\":\"ListItem\",\"position\":1,\"name\":\"Portada\",\"item\":\"https:\/\/arquitecturadeasturias.com\/obras\/\"},{\"@type\":\"ListItem\",\"position\":2,\"name\":\"Edificio I+D para la Autoridad Portuaria de Gij\u00f3n\"}]},{\"@type\":\"Person\",\"@id\":\"https:\/\/arquitecturadeasturias.com\/obras\/#\/schema\/person\/f37b95bfa9cd48bf065b37227259101e\",\"name\":\"Andrea Alvarez\",\"image\":{\"@type\":\"ImageObject\",\"inLanguage\":\"es\",\"@id\":\"https:\/\/arquitecturadeasturias.com\/obras\/#\/schema\/person\/image\/\",\"url\":\"https:\/\/secure.gravatar.com\/avatar\/60c3fd73dbf85a6417e2c19c1dbd5df2?s=96&d=identicon&r=g\",\"contentUrl\":\"https:\/\/secure.gravatar.com\/avatar\/60c3fd73dbf85a6417e2c19c1dbd5df2?s=96&d=identicon&r=g\",\"caption\":\"Andrea Alvarez\"},\"url\":\"https:\/\/arquitecturadeasturias.com\/obras\/author\/andrea-alvarez\/\"}]}<\/script>\n<!-- \/ Yoast SEO plugin. -->","yoast_head_json":{"title":"Edificio I+D para la Autoridad Portuaria de Gij\u00f3n - A-A","robots":{"index":"index","follow":"follow","max-snippet":"max-snippet:-1","max-image-preview":"max-image-preview:large","max-video-preview":"max-video-preview:-1"},"canonical":"https:\/\/arquitecturadeasturias.com\/obras\/edificio-id-para-la-autoridad-portuaria-de-gijon\/","og_locale":"es_ES","og_type":"article","og_title":"Edificio I+D para la Autoridad Portuaria de Gij\u00f3n - A-A","og_description":"Hisao Suzuki Obra: \u00a0Edificio I+D para la Autoridad Portuaria de Gij\u00f3n Arquitecto: \u00a0Diego Llaca Localidad: \u00a0Gij\u00f3n Ayuntamiento: \u00a0Gij\u00f3n A\u00f1o: \u00a02012 Geolocalizaci\u00f3n: 43.522-5.612 Otros Datos: Premios: \u00a0Finalista ARQAno 2008 Publicaciones: \u00a0Premios de arquitectura ARQAno \u00a6 Arquitectura viva, 2010, n.132 Informaci\u00f3n en la\u00a0red: \u00a0diegollaca.com Descripci\u00f3n del proyecto: \u00abEste edificio, promovido por la Autoridad Portuaria del Musel, est\u00e1...","og_url":"https:\/\/arquitecturadeasturias.com\/obras\/edificio-id-para-la-autoridad-portuaria-de-gijon\/","og_site_name":"A-A","article_published_time":"2015-03-26T18:00:24+00:00","article_modified_time":"2015-06-26T10:45:05+00:00","og_image":[{"width":770,"height":954,"url":"https:\/\/arquitecturadeasturias.com\/obras\/wp-content\/uploads\/2015\/03\/021.jpg","type":"image\/jpeg"}],"author":"Andrea Alvarez","twitter_misc":{"Escrito por":"Andrea Alvarez","Tiempo de lectura":"1 minuto"},"schema":{"@context":"https:\/\/schema.org","@graph":[{"@type":"WebSite","@id":"https:\/\/arquitecturadeasturias.com\/obras\/#website","url":"https:\/\/arquitecturadeasturias.com\/obras\/","name":"A-A","description":"Arquitectura de Asturias","potentialAction":[{"@type":"SearchAction","target":{"@type":"EntryPoint","urlTemplate":"https:\/\/arquitecturadeasturias.com\/obras\/?s={search_term_string}"},"query-input":"required name=search_term_string"}],"inLanguage":"es"},{"@type":"WebPage","@id":"https:\/\/arquitecturadeasturias.com\/obras\/edificio-id-para-la-autoridad-portuaria-de-gijon\/","url":"https:\/\/arquitecturadeasturias.com\/obras\/edificio-id-para-la-autoridad-portuaria-de-gijon\/","name":"Edificio I+D para la Autoridad Portuaria de Gij\u00f3n - A-A","isPartOf":{"@id":"https:\/\/arquitecturadeasturias.com\/obras\/#website"},"datePublished":"2015-03-26T18:00:24+00:00","dateModified":"2015-06-26T10:45:05+00:00","author":{"@id":"https:\/\/arquitecturadeasturias.com\/obras\/#\/schema\/person\/f37b95bfa9cd48bf065b37227259101e"},"breadcrumb":{"@id":"https:\/\/arquitecturadeasturias.com\/obras\/edificio-id-para-la-autoridad-portuaria-de-gijon\/#breadcrumb"},"inLanguage":"es","potentialAction":[{"@type":"ReadAction","target":["https:\/\/arquitecturadeasturias.com\/obras\/edificio-id-para-la-autoridad-portuaria-de-gijon\/"]}]},{"@type":"BreadcrumbList","@id":"https:\/\/arquitecturadeasturias.com\/obras\/edificio-id-para-la-autoridad-portuaria-de-gijon\/#breadcrumb","itemListElement":[{"@type":"ListItem","position":1,"name":"Portada","item":"https:\/\/arquitecturadeasturias.com\/obras\/"},{"@type":"ListItem","position":2,"name":"Edificio I+D para la Autoridad Portuaria de Gij\u00f3n"}]},{"@type":"Person","@id":"https:\/\/arquitecturadeasturias.com\/obras\/#\/schema\/person\/f37b95bfa9cd48bf065b37227259101e","name":"Andrea Alvarez","image":{"@type":"ImageObject","inLanguage":"es","@id":"https:\/\/arquitecturadeasturias.com\/obras\/#\/schema\/person\/image\/","url":"https:\/\/secure.gravatar.com\/avatar\/60c3fd73dbf85a6417e2c19c1dbd5df2?s=96&d=identicon&r=g","contentUrl":"https:\/\/secure.gravatar.com\/avatar\/60c3fd73dbf85a6417e2c19c1dbd5df2?s=96&d=identicon&r=g","caption":"Andrea Alvarez"},"url":"https:\/\/arquitecturadeasturias.com\/obras\/author\/andrea-alvarez\/"}]}},"_links":{"self":[{"href":"https:\/\/arquitecturadeasturias.com\/obras\/wp-json\/wp\/v2\/posts\/498"}],"collection":[{"href":"https:\/\/arquitecturadeasturias.com\/obras\/wp-json\/wp\/v2\/posts"}],"about":[{"href":"https:\/\/arquitecturadeasturias.com\/obras\/wp-json\/wp\/v2\/types\/post"}],"author":[{"embeddable":true,"href":"https:\/\/arquitecturadeasturias.com\/obras\/wp-json\/wp\/v2\/users\/8"}],"replies":[{"embeddable":true,"href":"https:\/\/arquitecturadeasturias.com\/obras\/wp-json\/wp\/v2\/comments?post=498"}],"version-history":[{"count":6,"href":"https:\/\/arquitecturadeasturias.com\/obras\/wp-json\/wp\/v2\/posts\/498\/revisions"}],"predecessor-version":[{"id":1840,"href":"https:\/\/arquitecturadeasturias.com\/obras\/wp-json\/wp\/v2\/posts\/498\/revisions\/1840"}],"wp:featuredmedia":[{"embeddable":true,"href":"https:\/\/arquitecturadeasturias.com\/obras\/wp-json\/wp\/v2\/media\/514"}],"wp:attachment":[{"href":"https:\/\/arquitecturadeasturias.com\/obras\/wp-json\/wp\/v2\/media?parent=498"}],"wp:term":[{"taxonomy":"category","embeddable":true,"href":"https:\/\/arquitecturadeasturias.com\/obras\/wp-json\/wp\/v2\/categories?post=498"},{"taxonomy":"post_tag","embeddable":true,"href":"https:\/\/arquitecturadeasturias.com\/obras\/wp-json\/wp\/v2\/tags?post=498"}],"curies":[{"name":"wp","href":"https:\/\/api.w.org\/{rel}","templated":true}]}}