{"id":570,"date":"2015-03-31T18:24:40","date_gmt":"2015-03-31T17:24:40","guid":{"rendered":"http:\/\/arquitecturadeasturias.com\/obras\/?p=570"},"modified":"2016-05-18T16:47:22","modified_gmt":"2016-05-18T15:47:22","slug":"museo-de-la-prehistoria","status":"publish","type":"post","link":"https:\/\/arquitecturadeasturias.com\/obras\/museo-de-la-prehistoria\/","title":{"rendered":"Museo de la Prehistoria"},"content":{"rendered":"<p>&nbsp;<\/p>\n<p style=\"text-align: right;\"><a href=\"https:\/\/arquitecturadeasturias.com\/obras\/wp-content\/uploads\/2015\/03\/85.jpg\"><img loading=\"lazy\" class=\"aligncenter size-full wp-image-572\" src=\"https:\/\/arquitecturadeasturias.com\/obras\/wp-content\/uploads\/2015\/03\/85.jpg\" alt=\"85\" width=\"770\" height=\"616\" \/><\/a><a href=\"http:\/\/www.varisarquitectes.cat\/es\/projectes\/arquitectura\/museu-parc-de-la-prehistoria-12\/?o=3&amp;v=1\" target=\"_blank\">VARIS ARQUITECTES.<\/a><\/p>\n<table class=\"aligncenter\" border=\"0\" width=\"620\" cellspacing=\"0\" cellpadding=\"0\">\n<tbody>\n<tr>\n<td width=\"180\"><strong>Obra:<\/strong><\/td>\n<td>\u00a0Museo Parque de la Prehistoria<\/td>\n<\/tr>\n<tr>\n<td><strong>Arquitecto:<\/strong><\/td>\n<td>\u00a0Varis Arquitectes<\/td>\n<\/tr>\n<tr>\n<td><strong>Localidad:<\/strong><\/td>\n<td>\u00a0San Salvador de Alesga<\/td>\n<\/tr>\n<tr>\n<td><strong>Ayuntamiento:<\/strong><\/td>\n<td>\u00a0Teverga<\/td>\n<\/tr>\n<tr>\n<td><strong>A\u00f1o:<\/strong><\/td>\n<td>\u00a02007<\/td>\n<\/tr>\n<tr>\n<td><strong>Geolocalizaci\u00f3n:<\/strong><\/td>\n<td><a href=\"https:\/\/www.google.es\/maps\/place\/Parque+de+la+Prehistoria+de+Teverga\/@43.1370822,-6.0750214,15z\/data=!4m6!1m3!3m2!1s0xd36dd7ac9b0c5dd:0xc8b7b3ba562a0a6!2sParque+de+la+Prehistoria+de+Teverga!3m1!1s0x0000000000000000:0x0c8b7b3ba562a0a6\" target=\"_blank\"><strong>43.137-6.075<\/strong><\/a><\/td>\n<\/tr>\n<\/tbody>\n<\/table>\n<table class=\" aligncenter\" border=\"0\" width=\"620\" cellspacing=\"0\" cellpadding=\"0\">\n<tbody>\n<tr>\n<td colspan=\"3\"><strong>Otros Datos:<\/strong><\/td>\n<\/tr>\n<tr>\n<td width=\"20\"><\/td>\n<td colspan=\"2\"><strong>Premios:<\/strong><\/td>\n<\/tr>\n<tr>\n<td width=\"20\"><\/td>\n<td width=\"20\"><\/td>\n<td width=\"580\">Finalista FAD 2008<\/td>\n<\/tr>\n<tr>\n<td width=\"20\"><\/td>\n<td colspan=\"2\"><strong>Publicaciones:<\/strong><\/td>\n<\/tr>\n<tr>\n<td width=\"20\"><\/td>\n<td width=\"20\"><\/td>\n<td>\n<ul>\n<li>ON Dise\u00f1o 2004 n.259<\/li>\n<\/ul>\n<\/td>\n<\/tr>\n<tr>\n<td width=\"20\"><\/td>\n<td colspan=\"2\"><strong>Informaci\u00f3n en la\u00a0red:<\/strong><\/td>\n<\/tr>\n<tr>\n<td width=\"20\"><\/td>\n<td width=\"20\"><\/td>\n<td>\n<ul>\n<ul>\n<li><strong><a href=\"http:\/\/www.varisarquitectes.cat\/es\/projectes\/arquitectura\/museu-parc-de-la-prehistoria-12\/?o=3&amp;v=1\" target=\"_blank\">VARIS ARQUITECTES<\/a><\/strong><\/li>\n<li><a href=\"http:\/\/www.ondiseno.com\/proyecto.php?id=1463\" target=\"_blank\"><strong>ON Dise\u00f1o<\/strong><\/a><\/li>\n<li><strong><a href=\"http:\/\/www.parquedelaprehistoria.es\/\" target=\"_blank\">Museo Parque de la Prehistoria<\/a><\/strong><\/li>\n<\/ul>\n<\/ul>\n<p><iframe loading=\"lazy\" src=\"https:\/\/www.youtube.com\/embed\/ba8JgEh-qHo\" width=\"547\" height=\"409\" frameborder=\"0\" allowfullscreen=\"allowfullscreen\"><\/iframe><\/p>\n<p>&nbsp;<\/td>\n<\/tr>\n<tr>\n<td width=\"20\"><\/td>\n<td colspan=\"2\"><strong>Descripci\u00f3n del proyecto:<\/strong><\/td>\n<\/tr>\n<tr>\n<td width=\"20\"><\/td>\n<td width=\"20\"><\/td>\n<td>\u00abLevantar la tierra y descubrir, adentrarse&#8230;Intervenir con criterios de presencia en algunos puntos, y de ausencia en otros. Hacer de la adecuaci\u00f3n del territorio para incorporar el programa, el elemento b\u00e1sico de ordenaci\u00f3n del proyecto. En un paisaje definido por su continuidad, donde el construido cobija vida cotidiana, parece indicado que los edificios del Parque de la Prehistoria, tengan una arquitectura nada dom\u00e9stica. Que intuya una vida detenida en el tiempo, ense\u00f1ando f\u00edsicamente enterrado, un programa enterrado en la historia. La presencia exterior debe ser clara, misteriosa, reconocible al tiempo que provocadora de curiosidad. La presencia del exterior cuando se visita el interior, debe ser m\u00ednima, los espacios interiores son espacios esc\u00e9nicos donde se exponen y explican conceptos.<br \/>\nEn el terreno, se han levantado unos p\u00e1rpados, hasta colocarlos horizontales. A veces los p\u00e1rpados contienen tierra, y sirven para organizar el terreno adaptando la superficie horizontal como el mirador de la entrada o el aparcamiento. Otras veces, los p\u00e1rpados quedan vac\u00edos, dejando unos espacios donde colocar el programa, como el espacio de recepci\u00f3n-bar, el museo, o el de la recreaci\u00f3n de las cuevas.<br \/>\nLos edificios quedan integrados en el paisaje, dejando el nivel superior como mirador. Un muro de cort\u00e9n hace de elemento intermedio entre la topograf\u00eda y la terraza, abrigando bajo tierra programas evocadores.\u00bbVARIS ARQUITECTES<\/td>\n<\/tr>\n<tr>\n<td width=\"20\"><\/td>\n<td colspan=\"2\"><b>Reportaje fotogr\u00e1fico: <\/b><a href=\"http:\/\/www.varisarquitectes.cat\/es\/projectes\/arquitectura\/museu-parc-de-la-prehistoria-12\/?o=3&amp;v=1\" target=\"_blank\">varisarquitectes<\/a><\/td>\n<\/tr>\n<tr>\n<td width=\"20\"><\/td>\n<td colspan=\"2\">\n\t\t<div id='gallery-5708' class='gallery carousel slide'> <div class='carousel-inner' data-interval='7000'><div class='item active'><img src='https:\/\/arquitecturadeasturias.com\/obras\/wp-content\/uploads\/2015\/03\/89.jpg' \/><span class='gallery-caption'><\/span><\/div><div class='item'><img src='https:\/\/arquitecturadeasturias.com\/obras\/wp-content\/uploads\/2015\/03\/88.jpg' \/><span class='gallery-caption'><\/span><\/div><div class='item'><img src='https:\/\/arquitecturadeasturias.com\/obras\/wp-content\/uploads\/2015\/03\/teverga.jpg' \/><span class='gallery-caption'><\/span><\/div> <\/div><div class=\"carousel-nav\"><ul><\/ul><\/div><a class=\"carousel-control left\" href=\"#gallery-5708\" data-slide=\"prev\"><i class=\"icon-chevron-left\"><\/i><\/a>\r\n        <a class=\"carousel-control right\" href=\"#gallery-5708\" data-slide=\"next\"><i class=\"icon-chevron-right\"><\/i><\/a><\/div><\/td>\n<\/tr>\n<tr>\n<td width=\"20\"><\/td>\n<td colspan=\"2\"><strong>Planos:\u00a0<\/strong><\/td>\n<\/tr>\n<tr>\n<td width=\"20\"><\/td>\n<td colspan=\"2\"><\/td>\n<\/tr>\n<\/tbody>\n<\/table>\n","protected":false},"excerpt":{"rendered":"<p>&nbsp; VARIS ARQUITECTES. Obra: \u00a0Museo Parque de la Prehistoria Arquitecto: \u00a0Varis Arquitectes Localidad: \u00a0San Salvador de Alesga Ayuntamiento: \u00a0Teverga A\u00f1o: \u00a02007 Geolocalizaci\u00f3n: 43.137-6.075 Otros Datos: Premios: Finalista FAD 2008 Publicaciones: ON Dise\u00f1o 2004 n.259 Informaci\u00f3n en la\u00a0red: VARIS ARQUITECTES ON Dise\u00f1o Museo Parque de la Prehistoria &nbsp; Descripci\u00f3n del proyecto: \u00abLevantar la tierra y descubrir,<a href=\"https:\/\/arquitecturadeasturias.com\/obras\/museo-de-la-prehistoria\/\" title=\"Read more\" >&#8230;<\/a><\/p>\n","protected":false},"author":8,"featured_media":572,"comment_status":"closed","ping_status":"closed","sticky":false,"template":"","format":"standard","meta":[],"categories":[222,154,278],"tags":[475,447,492,490,491],"yoast_head":"<!-- This site is optimized with the Yoast SEO plugin v19.4 - https:\/\/yoast.com\/wordpress\/plugins\/seo\/ -->\n<title>Museo de la Prehistoria - A-A<\/title>\n<meta name=\"robots\" content=\"index, follow, max-snippet:-1, max-image-preview:large, max-video-preview:-1\" \/>\n<link rel=\"canonical\" href=\"https:\/\/arquitecturadeasturias.com\/obras\/museo-de-la-prehistoria\/\" \/>\n<meta property=\"og:locale\" content=\"es_ES\" \/>\n<meta property=\"og:type\" content=\"article\" \/>\n<meta property=\"og:title\" content=\"Museo de la Prehistoria - A-A\" \/>\n<meta property=\"og:description\" content=\"&nbsp; VARIS ARQUITECTES. Obra: \u00a0Museo Parque de la Prehistoria Arquitecto: \u00a0Varis Arquitectes Localidad: \u00a0San Salvador de Alesga Ayuntamiento: \u00a0Teverga A\u00f1o: \u00a02007 Geolocalizaci\u00f3n: 43.137-6.075 Otros Datos: Premios: Finalista FAD 2008 Publicaciones: ON Dise\u00f1o 2004 n.259 Informaci\u00f3n en la\u00a0red: VARIS ARQUITECTES ON Dise\u00f1o Museo Parque de la Prehistoria &nbsp; Descripci\u00f3n del proyecto: \u00abLevantar la tierra y descubrir,...\" \/>\n<meta property=\"og:url\" content=\"https:\/\/arquitecturadeasturias.com\/obras\/museo-de-la-prehistoria\/\" \/>\n<meta property=\"og:site_name\" content=\"A-A\" \/>\n<meta property=\"article:published_time\" content=\"2015-03-31T17:24:40+00:00\" \/>\n<meta property=\"article:modified_time\" content=\"2016-05-18T15:47:22+00:00\" \/>\n<meta property=\"og:image\" content=\"https:\/\/arquitecturadeasturias.com\/obras\/wp-content\/uploads\/2015\/03\/85.jpg\" \/>\n\t<meta property=\"og:image:width\" content=\"770\" \/>\n\t<meta property=\"og:image:height\" content=\"616\" \/>\n\t<meta property=\"og:image:type\" content=\"image\/jpeg\" \/>\n<meta name=\"author\" content=\"Andrea Alvarez\" \/>\n<meta name=\"twitter:label1\" content=\"Escrito por\" \/>\n\t<meta name=\"twitter:data1\" content=\"Andrea Alvarez\" \/>\n\t<meta name=\"twitter:label2\" content=\"Tiempo de lectura\" \/>\n\t<meta name=\"twitter:data2\" content=\"1 minuto\" \/>\n<script type=\"application\/ld+json\" class=\"yoast-schema-graph\">{\"@context\":\"https:\/\/schema.org\",\"@graph\":[{\"@type\":\"WebSite\",\"@id\":\"https:\/\/arquitecturadeasturias.com\/obras\/#website\",\"url\":\"https:\/\/arquitecturadeasturias.com\/obras\/\",\"name\":\"A-A\",\"description\":\"Arquitectura de Asturias\",\"potentialAction\":[{\"@type\":\"SearchAction\",\"target\":{\"@type\":\"EntryPoint\",\"urlTemplate\":\"https:\/\/arquitecturadeasturias.com\/obras\/?s={search_term_string}\"},\"query-input\":\"required name=search_term_string\"}],\"inLanguage\":\"es\"},{\"@type\":\"WebPage\",\"@id\":\"https:\/\/arquitecturadeasturias.com\/obras\/museo-de-la-prehistoria\/\",\"url\":\"https:\/\/arquitecturadeasturias.com\/obras\/museo-de-la-prehistoria\/\",\"name\":\"Museo de la Prehistoria - A-A\",\"isPartOf\":{\"@id\":\"https:\/\/arquitecturadeasturias.com\/obras\/#website\"},\"datePublished\":\"2015-03-31T17:24:40+00:00\",\"dateModified\":\"2016-05-18T15:47:22+00:00\",\"author\":{\"@id\":\"https:\/\/arquitecturadeasturias.com\/obras\/#\/schema\/person\/f37b95bfa9cd48bf065b37227259101e\"},\"breadcrumb\":{\"@id\":\"https:\/\/arquitecturadeasturias.com\/obras\/museo-de-la-prehistoria\/#breadcrumb\"},\"inLanguage\":\"es\",\"potentialAction\":[{\"@type\":\"ReadAction\",\"target\":[\"https:\/\/arquitecturadeasturias.com\/obras\/museo-de-la-prehistoria\/\"]}]},{\"@type\":\"BreadcrumbList\",\"@id\":\"https:\/\/arquitecturadeasturias.com\/obras\/museo-de-la-prehistoria\/#breadcrumb\",\"itemListElement\":[{\"@type\":\"ListItem\",\"position\":1,\"name\":\"Portada\",\"item\":\"https:\/\/arquitecturadeasturias.com\/obras\/\"},{\"@type\":\"ListItem\",\"position\":2,\"name\":\"Museo de la Prehistoria\"}]},{\"@type\":\"Person\",\"@id\":\"https:\/\/arquitecturadeasturias.com\/obras\/#\/schema\/person\/f37b95bfa9cd48bf065b37227259101e\",\"name\":\"Andrea Alvarez\",\"image\":{\"@type\":\"ImageObject\",\"inLanguage\":\"es\",\"@id\":\"https:\/\/arquitecturadeasturias.com\/obras\/#\/schema\/person\/image\/\",\"url\":\"https:\/\/secure.gravatar.com\/avatar\/60c3fd73dbf85a6417e2c19c1dbd5df2?s=96&d=identicon&r=g\",\"contentUrl\":\"https:\/\/secure.gravatar.com\/avatar\/60c3fd73dbf85a6417e2c19c1dbd5df2?s=96&d=identicon&r=g\",\"caption\":\"Andrea Alvarez\"},\"url\":\"https:\/\/arquitecturadeasturias.com\/obras\/author\/andrea-alvarez\/\"}]}<\/script>\n<!-- \/ Yoast SEO plugin. -->","yoast_head_json":{"title":"Museo de la Prehistoria - A-A","robots":{"index":"index","follow":"follow","max-snippet":"max-snippet:-1","max-image-preview":"max-image-preview:large","max-video-preview":"max-video-preview:-1"},"canonical":"https:\/\/arquitecturadeasturias.com\/obras\/museo-de-la-prehistoria\/","og_locale":"es_ES","og_type":"article","og_title":"Museo de la Prehistoria - A-A","og_description":"&nbsp; VARIS ARQUITECTES. Obra: \u00a0Museo Parque de la Prehistoria Arquitecto: \u00a0Varis Arquitectes Localidad: \u00a0San Salvador de Alesga Ayuntamiento: \u00a0Teverga A\u00f1o: \u00a02007 Geolocalizaci\u00f3n: 43.137-6.075 Otros Datos: Premios: Finalista FAD 2008 Publicaciones: ON Dise\u00f1o 2004 n.259 Informaci\u00f3n en la\u00a0red: VARIS ARQUITECTES ON Dise\u00f1o Museo Parque de la Prehistoria &nbsp; Descripci\u00f3n del proyecto: \u00abLevantar la tierra y descubrir,...","og_url":"https:\/\/arquitecturadeasturias.com\/obras\/museo-de-la-prehistoria\/","og_site_name":"A-A","article_published_time":"2015-03-31T17:24:40+00:00","article_modified_time":"2016-05-18T15:47:22+00:00","og_image":[{"width":770,"height":616,"url":"https:\/\/arquitecturadeasturias.com\/obras\/wp-content\/uploads\/2015\/03\/85.jpg","type":"image\/jpeg"}],"author":"Andrea Alvarez","twitter_misc":{"Escrito por":"Andrea Alvarez","Tiempo de lectura":"1 minuto"},"schema":{"@context":"https:\/\/schema.org","@graph":[{"@type":"WebSite","@id":"https:\/\/arquitecturadeasturias.com\/obras\/#website","url":"https:\/\/arquitecturadeasturias.com\/obras\/","name":"A-A","description":"Arquitectura de Asturias","potentialAction":[{"@type":"SearchAction","target":{"@type":"EntryPoint","urlTemplate":"https:\/\/arquitecturadeasturias.com\/obras\/?s={search_term_string}"},"query-input":"required name=search_term_string"}],"inLanguage":"es"},{"@type":"WebPage","@id":"https:\/\/arquitecturadeasturias.com\/obras\/museo-de-la-prehistoria\/","url":"https:\/\/arquitecturadeasturias.com\/obras\/museo-de-la-prehistoria\/","name":"Museo de la Prehistoria - A-A","isPartOf":{"@id":"https:\/\/arquitecturadeasturias.com\/obras\/#website"},"datePublished":"2015-03-31T17:24:40+00:00","dateModified":"2016-05-18T15:47:22+00:00","author":{"@id":"https:\/\/arquitecturadeasturias.com\/obras\/#\/schema\/person\/f37b95bfa9cd48bf065b37227259101e"},"breadcrumb":{"@id":"https:\/\/arquitecturadeasturias.com\/obras\/museo-de-la-prehistoria\/#breadcrumb"},"inLanguage":"es","potentialAction":[{"@type":"ReadAction","target":["https:\/\/arquitecturadeasturias.com\/obras\/museo-de-la-prehistoria\/"]}]},{"@type":"BreadcrumbList","@id":"https:\/\/arquitecturadeasturias.com\/obras\/museo-de-la-prehistoria\/#breadcrumb","itemListElement":[{"@type":"ListItem","position":1,"name":"Portada","item":"https:\/\/arquitecturadeasturias.com\/obras\/"},{"@type":"ListItem","position":2,"name":"Museo de la Prehistoria"}]},{"@type":"Person","@id":"https:\/\/arquitecturadeasturias.com\/obras\/#\/schema\/person\/f37b95bfa9cd48bf065b37227259101e","name":"Andrea Alvarez","image":{"@type":"ImageObject","inLanguage":"es","@id":"https:\/\/arquitecturadeasturias.com\/obras\/#\/schema\/person\/image\/","url":"https:\/\/secure.gravatar.com\/avatar\/60c3fd73dbf85a6417e2c19c1dbd5df2?s=96&d=identicon&r=g","contentUrl":"https:\/\/secure.gravatar.com\/avatar\/60c3fd73dbf85a6417e2c19c1dbd5df2?s=96&d=identicon&r=g","caption":"Andrea Alvarez"},"url":"https:\/\/arquitecturadeasturias.com\/obras\/author\/andrea-alvarez\/"}]}},"_links":{"self":[{"href":"https:\/\/arquitecturadeasturias.com\/obras\/wp-json\/wp\/v2\/posts\/570"}],"collection":[{"href":"https:\/\/arquitecturadeasturias.com\/obras\/wp-json\/wp\/v2\/posts"}],"about":[{"href":"https:\/\/arquitecturadeasturias.com\/obras\/wp-json\/wp\/v2\/types\/post"}],"author":[{"embeddable":true,"href":"https:\/\/arquitecturadeasturias.com\/obras\/wp-json\/wp\/v2\/users\/8"}],"replies":[{"embeddable":true,"href":"https:\/\/arquitecturadeasturias.com\/obras\/wp-json\/wp\/v2\/comments?post=570"}],"version-history":[{"count":4,"href":"https:\/\/arquitecturadeasturias.com\/obras\/wp-json\/wp\/v2\/posts\/570\/revisions"}],"predecessor-version":[{"id":579,"href":"https:\/\/arquitecturadeasturias.com\/obras\/wp-json\/wp\/v2\/posts\/570\/revisions\/579"}],"wp:featuredmedia":[{"embeddable":true,"href":"https:\/\/arquitecturadeasturias.com\/obras\/wp-json\/wp\/v2\/media\/572"}],"wp:attachment":[{"href":"https:\/\/arquitecturadeasturias.com\/obras\/wp-json\/wp\/v2\/media?parent=570"}],"wp:term":[{"taxonomy":"category","embeddable":true,"href":"https:\/\/arquitecturadeasturias.com\/obras\/wp-json\/wp\/v2\/categories?post=570"},{"taxonomy":"post_tag","embeddable":true,"href":"https:\/\/arquitecturadeasturias.com\/obras\/wp-json\/wp\/v2\/tags?post=570"}],"curies":[{"name":"wp","href":"https:\/\/api.w.org\/{rel}","templated":true}]}}