{"id":646,"date":"2015-04-13T19:00:13","date_gmt":"2015-04-13T18:00:13","guid":{"rendered":"http:\/\/arquitecturadeasturias.com\/obras\/?p=646"},"modified":"2015-04-13T16:34:03","modified_gmt":"2015-04-13T15:34:03","slug":"viviendas-sociales-vivazz","status":"publish","type":"post","link":"https:\/\/arquitecturadeasturias.com\/obras\/viviendas-sociales-vivazz\/","title":{"rendered":"Viviendas sociales Vivazz"},"content":{"rendered":"<p>&nbsp;<\/p>\n<p style=\"text-align: right;\"><a href=\"https:\/\/arquitecturadeasturias.com\/obras\/wp-content\/uploads\/2015\/04\/RH1977-0001_ZZA_full.jpg\"><img loading=\"lazy\" class=\"aligncenter size-full wp-image-648\" src=\"https:\/\/arquitecturadeasturias.com\/obras\/wp-content\/uploads\/2015\/04\/RH1977-0001_ZZA_full.jpg\" alt=\"RH1977-0001\" width=\"770\" height=\"577\" \/><\/a><a href=\"https:\/\/arquitecturadeasturias.com\/obras\/wp-content\/uploads\/2015\/04\/RH1977-0001_ZZA_full.jpg\"><br \/>\n<\/a><a href=\"http:\/\/rolandhalbe.eu\/\" target=\"_blank\">Roland Halbe<\/a><\/p>\n<table class=\"aligncenter\" border=\"0\" width=\"620\" cellspacing=\"0\" cellpadding=\"0\">\n<tbody>\n<tr>\n<td width=\"180\"><strong>Obra:<\/strong><\/td>\n<td>\u00a0Viviendas sociales Vivazz<\/td>\n<\/tr>\n<tr>\n<td><strong>Arquitecto:<\/strong><\/td>\n<td>\u00a0ZigZag<\/td>\n<\/tr>\n<tr>\n<td><strong>Localidad:<\/strong><\/td>\n<td>\u00a0Mieres<\/td>\n<\/tr>\n<tr>\n<td><strong>Ayuntamiento:<\/strong><\/td>\n<td>\u00a0Mieres<\/td>\n<\/tr>\n<tr>\n<td><strong>A\u00f1o:<\/strong><\/td>\n<td>\u00a02010<\/td>\n<\/tr>\n<tr>\n<td><strong>Geolocalizaci\u00f3n:<\/strong><\/td>\n<td><a href=\"https:\/\/www.google.com\/fusiontables\/embedviz?q=select+col6+from+1InU4j1en-gRMKYhwLG5Jml-HUrpJQ44KqowJKWPY+where+col2+%3D+'ZigZag'&amp;viz=MAP&amp;h=false&amp;lat=43.24916229851002&amp;lng=-5.777950931502573&amp;t=1&amp;z=19&amp;l=col6&amp;y=2&amp;tmplt=3&amp;hml=GEOCODABLE\" target=\"_blank\"><strong>43.249-5.777<\/strong><\/a><\/td>\n<\/tr>\n<\/tbody>\n<\/table>\n<table class=\" aligncenter\" border=\"0\" width=\"620\" cellspacing=\"0\" cellpadding=\"0\">\n<tbody>\n<tr>\n<td colspan=\"3\"><strong>Otros Datos:<\/strong><\/td>\n<\/tr>\n<tr>\n<td width=\"20\"><\/td>\n<td colspan=\"2\"><strong>Premios:<\/strong><\/td>\n<\/tr>\n<tr>\n<td width=\"20\"><\/td>\n<td width=\"20\"><\/td>\n<td width=\"580\">\n<ul>\n<li><strong>PREMIO DE ARQUITECTURA &#8211; XI Bienal Espa\u00f1ola de Arquitectura y Urbanismo<\/strong><\/li>\n<li><strong>Menci\u00f3n de Honor en\u00a0Awards for emerging Architecture 2011<\/strong><\/li>\n<\/ul>\n<\/td>\n<\/tr>\n<tr>\n<td width=\"20\"><\/td>\n<td colspan=\"2\"><strong>Publicaciones:<\/strong><\/td>\n<\/tr>\n<tr>\n<td width=\"20\"><\/td>\n<td width=\"20\"><\/td>\n<td>\n<ul>\n<li><strong>Moniteur architecture AMC, 2011 Octubre<\/strong><\/li>\n<li><strong>Density is Home<\/strong><\/li>\n<li><strong>V Premios Ascensores Enor<\/strong><\/li>\n<\/ul>\n<\/td>\n<\/tr>\n<tr>\n<td width=\"20\"><\/td>\n<td colspan=\"2\"><strong>Informaci\u00f3n en la\u00a0red:<\/strong><\/td>\n<\/tr>\n<tr>\n<td width=\"20\"><\/td>\n<td width=\"20\"><\/td>\n<td>\n<ul>\n<li><strong><a href=\"http:\/\/divisare.com\/projects\/164880?utm_campaign=ec_newsletter&amp;utm_content=project_164880&amp;utm_medium=email&amp;utm_source=newsletter_167\" target=\"_blank\">Divisare<\/a><\/strong><\/li>\n<li><strong><a href=\"http:\/\/www.archdaily.com\/393277\/vivazz-mieres-social-housing-zigzag-arquitectura\/\" target=\"_blank\">Archdaily<\/a><\/strong><\/li>\n<li><strong><a href=\"http:\/\/www.plataformaarquitectura.cl\/cl\/02-273804\/conjunto-de-viviendas-sociales-vivazz-mieres-zigzag-arquitectura\" target=\"_blank\">Plataforma Arquitectura<\/a><\/strong><\/li>\n<li><strong><a href=\"http:\/\/aplust.net\/blog\/zigzag_vivazz_mieres_spain\/\" target=\"_blank\">a+t<\/a><\/strong><\/li>\n<\/ul>\n<\/td>\n<\/tr>\n<tr>\n<td width=\"20\"><\/td>\n<td colspan=\"2\"><strong>Descripci\u00f3n del proyecto:<\/strong><\/td>\n<\/tr>\n<tr>\n<td width=\"20\"><\/td>\n<td width=\"20\"><\/td>\n<td>\u00abUna de las caracter\u00edsticas m\u00e1s interesantes que se puede percibir en el lugar es que, a pesar de estar en medio de la masa urbana edificada de Mieres, es posible reencontrarse con visiones recortadas del monte y de los prados del valle en lo alto. Quisimos recuperar esta doble cualidad para el proyecto, urbano y rural al mismo tiempo. Buscamos un juego volum\u00e9trico del edificio con el entorno, vac\u00edos y recortes que permitieran observar monta\u00f1as entre edificios, fragmentos del paisaje asturiano a lo lejos y que a la vez dejaran al sol y al aire introducirse en el espacio interior.Era fundamental modelar la r\u00edgida manzana urban\u00edstica tradicional para terminar conformando un nuevo volumen de altura variable (entre tres y siete alturas), que contuviera todo el programa residencial requerido.Abrir la manzana era otra de nuestras prioridades, conseguir que el espacio interior no se tradujera en un espacio trasero y olvidado, sino en el centro de las relaciones sociales de sus habitantes y en un lugar al que mirar. Los espacios de d\u00eda de las viviendas vuelcan a esta plaza generando tambi\u00e9n actividad en las propias fachadas que la delimitan.Los accesos se generaron al romper la manzana en dos de sus esquinas, creando una tensi\u00f3n espacial diagonal en la misma. La entrada a las viviendas se produce a trav\u00e9s de este espacio intermedio, activ\u00e1ndolo y generando la relaci\u00f3n vecinal necesaria.El dise\u00f1o de la plaza tiene una ligera pendiente que absorbe la inclinaci\u00f3n natural del solar y que relaciona suavemente todas las cotas de los accesos y portales. Las zonas ajardinadas se sobreelevan ligeramente absorbiendo los espacios de uso privativo de planta baja y separ\u00e1ndolos de las zonas de circulaci\u00f3n p\u00fablica. El espacio se construye con adoquines de diversa porosidad, muretes de hormig\u00f3n, que sirven a la vez como contenedor vegetal y banco, pradera aut\u00f3ctona y masas de bamb\u00fa.<\/p>\n<p>&nbsp;<\/p>\n<p><i><b>Fachadas, di\u00e1logos de la memoria.<\/b><\/i><\/p>\n<p><span style=\"font-family: inherit; font-size: inherit; line-height: 1.5;\">El doble car\u00e1cter del proyecto se traduce en su doble configuraci\u00f3n material. Por un lado su cara urbana se materializa en acero y recuerda la memoria del Mieres m\u00e1s industrial y de las minas, antiguo motor econ\u00f3mico de la ciudad.<\/span><\/p>\n<p>En la cara interior del edificio se busca una referencia rural, la vuelta a la naturaleza y al origen, al porche tradicional asturiano, al uso de la madera, que recuerda con sus ritmos verticales los bosques de los montes cercanos. La piel exterior es fachada y cubierta al mismo tiempo. Se construye con paneles de chapa grecada de acero de color gris oscuro y se trata como una c\u00e1scara protectora, como una envolvente continua y rugosa en la que se disuelven las aristas. La cara interior del edificio posee una doble piel; una transparente formada por grandes ventanas que definen el espacio interior de las viviendas, y otra compuesta por celos\u00edas m\u00f3viles de madera que delimitan las terrazas , permitiendo el control por parte del usuario de la radiaci\u00f3n solar y del grado de privacidad necesario en cada momento.<\/p>\n<p>&nbsp;<\/p>\n<p><i><b>Las viviendas<\/b><\/i><br \/>\nLas unidades de vivienda son pasantes, favoreciendo la ventilaci\u00f3n cruzada y la doble orientaci\u00f3n de las mismas. Se organizan por medio de un n\u00facleo central h\u00famedo que las divide en espacios de d\u00eda y de noche. Las \u00e1reas diurnas vuelcan a la plaza interior del edificio y poseen grandes ventanales que aprovechan la valiosa radiaci\u00f3n solar en Asturias, mientras que las zonas de noche, con huecos m\u00e1s controlados y dotados de persianas, vuelcan a la ciudad. Las viviendas se generan a partir de la suma consecutiva de m\u00f3dulos de 2,60 metros, obteniendo unidades de uno, dos, tres y cuatro dormitorios, respondiendo de este modo a la multiplicidad de tipolog\u00edas requeridas.\u00bb ZigZag Arquitectos<\/p>\n<p><iframe loading=\"lazy\" src=\"https:\/\/www.youtube.com\/embed\/OAwmDv8HPY0\" width=\"560\" height=\"315\" frameborder=\"0\" allowfullscreen=\"allowfullscreen\"><\/iframe><\/td>\n<\/tr>\n<tr>\n<td width=\"20\"><\/td>\n<td colspan=\"2\"><b>Reportaje fotogr\u00e1fico:\u00a0<\/b><\/td>\n<\/tr>\n<tr>\n<td width=\"20\"><\/td>\n<td colspan=\"2\"><\/td>\n<\/tr>\n<tr>\n<td width=\"20\"><\/td>\n<td colspan=\"2\"><strong>Planos:\u00a0<\/strong><\/td>\n<\/tr>\n<tr>\n<td width=\"20\"><\/td>\n<td colspan=\"2\">\n\t\t<div id='gallery-64611' class='gallery carousel slide'> <div class='carousel-inner' data-interval='7000'><div class='item active'><img src='https:\/\/arquitecturadeasturias.com\/obras\/wp-content\/uploads\/2015\/04\/LR_01_concept-diagram_1_ZZA_large.jpg' \/><span class='gallery-caption'><\/span><\/div><div class='item'><img src='https:\/\/arquitecturadeasturias.com\/obras\/wp-content\/uploads\/2015\/04\/LR_03_concept-diagram_2_ZZA_large.jpg' \/><span class='gallery-caption'><\/span><\/div><div class='item'><img src='https:\/\/arquitecturadeasturias.com\/obras\/wp-content\/uploads\/2015\/04\/LR_04_ground-floor-plan_ZZA_large.jpg' \/><span class='gallery-caption'><\/span><\/div><div class='item'><img src='https:\/\/arquitecturadeasturias.com\/obras\/wp-content\/uploads\/2015\/04\/LR_05_typical-floor-plan_ZZA_large.jpg' \/><span class='gallery-caption'><\/span><\/div><div class='item'><img src='https:\/\/arquitecturadeasturias.com\/obras\/wp-content\/uploads\/2015\/04\/LR_06_apartments_ZZA_large.jpg' \/><span class='gallery-caption'><\/span><\/div><div class='item'><img src='https:\/\/arquitecturadeasturias.com\/obras\/wp-content\/uploads\/2015\/04\/LR_07_transversal-section-diagrams_ZZA_large.jpg' \/><span class='gallery-caption'><\/span><\/div><div class='item'><img src='https:\/\/arquitecturadeasturias.com\/obras\/wp-content\/uploads\/2015\/04\/LR_08_west-elevation_ZZA_hq_large.jpg' \/><span class='gallery-caption'><\/span><\/div><div class='item'><img src='https:\/\/arquitecturadeasturias.com\/obras\/wp-content\/uploads\/2015\/04\/LR_09_longitudinal-section_ZZA_hq_large.jpg' \/><span class='gallery-caption'><\/span><\/div><div class='item'><img src='https:\/\/arquitecturadeasturias.com\/obras\/wp-content\/uploads\/2015\/04\/LR_10_south-elevation_ZZA_hq_large.jpg' \/><span class='gallery-caption'><\/span><\/div><div class='item'><img src='https:\/\/arquitecturadeasturias.com\/obras\/wp-content\/uploads\/2015\/04\/LR_11_transversal-section_ZZA_hq_large.jpg' \/><span class='gallery-caption'><\/span><\/div> <\/div><div class=\"carousel-nav\"><ul><\/ul><\/div><a class=\"carousel-control left\" href=\"#gallery-64611\" data-slide=\"prev\"><i class=\"icon-chevron-left\"><\/i><\/a>\r\n        <a class=\"carousel-control right\" href=\"#gallery-64611\" data-slide=\"next\"><i class=\"icon-chevron-right\"><\/i><\/a><\/div><\/td>\n<\/tr>\n<\/tbody>\n<\/table>\n","protected":false},"excerpt":{"rendered":"<p>&nbsp; Roland Halbe Obra: \u00a0Viviendas sociales Vivazz Arquitecto: \u00a0ZigZag Localidad: \u00a0Mieres Ayuntamiento: \u00a0Mieres A\u00f1o: \u00a02010 Geolocalizaci\u00f3n: 43.249-5.777 Otros Datos: Premios: PREMIO DE ARQUITECTURA &#8211; XI Bienal Espa\u00f1ola de Arquitectura y Urbanismo Menci\u00f3n de Honor en\u00a0Awards for emerging Architecture 2011 Publicaciones: Moniteur architecture AMC, 2011 Octubre Density is Home V Premios Ascensores Enor Informaci\u00f3n en la\u00a0red:<a href=\"https:\/\/arquitecturadeasturias.com\/obras\/viviendas-sociales-vivazz\/\" title=\"Read more\" >&#8230;<\/a><\/p>\n","protected":false},"author":8,"featured_media":648,"comment_status":"closed","ping_status":"closed","sticky":false,"template":"","format":"standard","meta":[],"categories":[114,119],"tags":[],"yoast_head":"<!-- This site is optimized with the Yoast SEO plugin v19.4 - https:\/\/yoast.com\/wordpress\/plugins\/seo\/ -->\n<title>Viviendas sociales Vivazz - A-A<\/title>\n<meta name=\"robots\" content=\"index, follow, max-snippet:-1, max-image-preview:large, max-video-preview:-1\" \/>\n<link rel=\"canonical\" href=\"https:\/\/arquitecturadeasturias.com\/obras\/viviendas-sociales-vivazz\/\" \/>\n<meta property=\"og:locale\" content=\"es_ES\" \/>\n<meta property=\"og:type\" content=\"article\" \/>\n<meta property=\"og:title\" content=\"Viviendas sociales Vivazz - A-A\" \/>\n<meta property=\"og:description\" content=\"&nbsp; Roland Halbe Obra: \u00a0Viviendas sociales Vivazz Arquitecto: \u00a0ZigZag Localidad: \u00a0Mieres Ayuntamiento: \u00a0Mieres A\u00f1o: \u00a02010 Geolocalizaci\u00f3n: 43.249-5.777 Otros Datos: Premios: PREMIO DE ARQUITECTURA &#8211; XI Bienal Espa\u00f1ola de Arquitectura y Urbanismo Menci\u00f3n de Honor en\u00a0Awards for emerging Architecture 2011 Publicaciones: Moniteur architecture AMC, 2011 Octubre Density is Home V Premios Ascensores Enor Informaci\u00f3n en la\u00a0red:...\" \/>\n<meta property=\"og:url\" content=\"https:\/\/arquitecturadeasturias.com\/obras\/viviendas-sociales-vivazz\/\" \/>\n<meta property=\"og:site_name\" content=\"A-A\" \/>\n<meta property=\"article:published_time\" content=\"2015-04-13T18:00:13+00:00\" \/>\n<meta property=\"article:modified_time\" content=\"2015-04-13T15:34:03+00:00\" \/>\n<meta property=\"og:image\" content=\"https:\/\/arquitecturadeasturias.com\/obras\/wp-content\/uploads\/2015\/04\/RH1977-0001_ZZA_full.jpg\" \/>\n\t<meta property=\"og:image:width\" content=\"770\" \/>\n\t<meta property=\"og:image:height\" content=\"577\" \/>\n\t<meta property=\"og:image:type\" content=\"image\/jpeg\" \/>\n<meta name=\"author\" content=\"Andrea Alvarez\" \/>\n<meta name=\"twitter:label1\" content=\"Escrito por\" \/>\n\t<meta name=\"twitter:data1\" content=\"Andrea Alvarez\" \/>\n\t<meta name=\"twitter:label2\" content=\"Tiempo de lectura\" \/>\n\t<meta name=\"twitter:data2\" content=\"4 minutos\" \/>\n<script type=\"application\/ld+json\" class=\"yoast-schema-graph\">{\"@context\":\"https:\/\/schema.org\",\"@graph\":[{\"@type\":\"WebSite\",\"@id\":\"https:\/\/arquitecturadeasturias.com\/obras\/#website\",\"url\":\"https:\/\/arquitecturadeasturias.com\/obras\/\",\"name\":\"A-A\",\"description\":\"Arquitectura de Asturias\",\"potentialAction\":[{\"@type\":\"SearchAction\",\"target\":{\"@type\":\"EntryPoint\",\"urlTemplate\":\"https:\/\/arquitecturadeasturias.com\/obras\/?s={search_term_string}\"},\"query-input\":\"required name=search_term_string\"}],\"inLanguage\":\"es\"},{\"@type\":\"WebPage\",\"@id\":\"https:\/\/arquitecturadeasturias.com\/obras\/viviendas-sociales-vivazz\/\",\"url\":\"https:\/\/arquitecturadeasturias.com\/obras\/viviendas-sociales-vivazz\/\",\"name\":\"Viviendas sociales Vivazz - A-A\",\"isPartOf\":{\"@id\":\"https:\/\/arquitecturadeasturias.com\/obras\/#website\"},\"datePublished\":\"2015-04-13T18:00:13+00:00\",\"dateModified\":\"2015-04-13T15:34:03+00:00\",\"author\":{\"@id\":\"https:\/\/arquitecturadeasturias.com\/obras\/#\/schema\/person\/f37b95bfa9cd48bf065b37227259101e\"},\"breadcrumb\":{\"@id\":\"https:\/\/arquitecturadeasturias.com\/obras\/viviendas-sociales-vivazz\/#breadcrumb\"},\"inLanguage\":\"es\",\"potentialAction\":[{\"@type\":\"ReadAction\",\"target\":[\"https:\/\/arquitecturadeasturias.com\/obras\/viviendas-sociales-vivazz\/\"]}]},{\"@type\":\"BreadcrumbList\",\"@id\":\"https:\/\/arquitecturadeasturias.com\/obras\/viviendas-sociales-vivazz\/#breadcrumb\",\"itemListElement\":[{\"@type\":\"ListItem\",\"position\":1,\"name\":\"Portada\",\"item\":\"https:\/\/arquitecturadeasturias.com\/obras\/\"},{\"@type\":\"ListItem\",\"position\":2,\"name\":\"Viviendas sociales Vivazz\"}]},{\"@type\":\"Person\",\"@id\":\"https:\/\/arquitecturadeasturias.com\/obras\/#\/schema\/person\/f37b95bfa9cd48bf065b37227259101e\",\"name\":\"Andrea Alvarez\",\"image\":{\"@type\":\"ImageObject\",\"inLanguage\":\"es\",\"@id\":\"https:\/\/arquitecturadeasturias.com\/obras\/#\/schema\/person\/image\/\",\"url\":\"https:\/\/secure.gravatar.com\/avatar\/60c3fd73dbf85a6417e2c19c1dbd5df2?s=96&d=identicon&r=g\",\"contentUrl\":\"https:\/\/secure.gravatar.com\/avatar\/60c3fd73dbf85a6417e2c19c1dbd5df2?s=96&d=identicon&r=g\",\"caption\":\"Andrea Alvarez\"},\"url\":\"https:\/\/arquitecturadeasturias.com\/obras\/author\/andrea-alvarez\/\"}]}<\/script>\n<!-- \/ Yoast SEO plugin. -->","yoast_head_json":{"title":"Viviendas sociales Vivazz - A-A","robots":{"index":"index","follow":"follow","max-snippet":"max-snippet:-1","max-image-preview":"max-image-preview:large","max-video-preview":"max-video-preview:-1"},"canonical":"https:\/\/arquitecturadeasturias.com\/obras\/viviendas-sociales-vivazz\/","og_locale":"es_ES","og_type":"article","og_title":"Viviendas sociales Vivazz - A-A","og_description":"&nbsp; Roland Halbe Obra: \u00a0Viviendas sociales Vivazz Arquitecto: \u00a0ZigZag Localidad: \u00a0Mieres Ayuntamiento: \u00a0Mieres A\u00f1o: \u00a02010 Geolocalizaci\u00f3n: 43.249-5.777 Otros Datos: Premios: PREMIO DE ARQUITECTURA &#8211; XI Bienal Espa\u00f1ola de Arquitectura y Urbanismo Menci\u00f3n de Honor en\u00a0Awards for emerging Architecture 2011 Publicaciones: Moniteur architecture AMC, 2011 Octubre Density is Home V Premios Ascensores Enor Informaci\u00f3n en la\u00a0red:...","og_url":"https:\/\/arquitecturadeasturias.com\/obras\/viviendas-sociales-vivazz\/","og_site_name":"A-A","article_published_time":"2015-04-13T18:00:13+00:00","article_modified_time":"2015-04-13T15:34:03+00:00","og_image":[{"width":770,"height":577,"url":"https:\/\/arquitecturadeasturias.com\/obras\/wp-content\/uploads\/2015\/04\/RH1977-0001_ZZA_full.jpg","type":"image\/jpeg"}],"author":"Andrea Alvarez","twitter_misc":{"Escrito por":"Andrea Alvarez","Tiempo de lectura":"4 minutos"},"schema":{"@context":"https:\/\/schema.org","@graph":[{"@type":"WebSite","@id":"https:\/\/arquitecturadeasturias.com\/obras\/#website","url":"https:\/\/arquitecturadeasturias.com\/obras\/","name":"A-A","description":"Arquitectura de Asturias","potentialAction":[{"@type":"SearchAction","target":{"@type":"EntryPoint","urlTemplate":"https:\/\/arquitecturadeasturias.com\/obras\/?s={search_term_string}"},"query-input":"required name=search_term_string"}],"inLanguage":"es"},{"@type":"WebPage","@id":"https:\/\/arquitecturadeasturias.com\/obras\/viviendas-sociales-vivazz\/","url":"https:\/\/arquitecturadeasturias.com\/obras\/viviendas-sociales-vivazz\/","name":"Viviendas sociales Vivazz - A-A","isPartOf":{"@id":"https:\/\/arquitecturadeasturias.com\/obras\/#website"},"datePublished":"2015-04-13T18:00:13+00:00","dateModified":"2015-04-13T15:34:03+00:00","author":{"@id":"https:\/\/arquitecturadeasturias.com\/obras\/#\/schema\/person\/f37b95bfa9cd48bf065b37227259101e"},"breadcrumb":{"@id":"https:\/\/arquitecturadeasturias.com\/obras\/viviendas-sociales-vivazz\/#breadcrumb"},"inLanguage":"es","potentialAction":[{"@type":"ReadAction","target":["https:\/\/arquitecturadeasturias.com\/obras\/viviendas-sociales-vivazz\/"]}]},{"@type":"BreadcrumbList","@id":"https:\/\/arquitecturadeasturias.com\/obras\/viviendas-sociales-vivazz\/#breadcrumb","itemListElement":[{"@type":"ListItem","position":1,"name":"Portada","item":"https:\/\/arquitecturadeasturias.com\/obras\/"},{"@type":"ListItem","position":2,"name":"Viviendas sociales Vivazz"}]},{"@type":"Person","@id":"https:\/\/arquitecturadeasturias.com\/obras\/#\/schema\/person\/f37b95bfa9cd48bf065b37227259101e","name":"Andrea Alvarez","image":{"@type":"ImageObject","inLanguage":"es","@id":"https:\/\/arquitecturadeasturias.com\/obras\/#\/schema\/person\/image\/","url":"https:\/\/secure.gravatar.com\/avatar\/60c3fd73dbf85a6417e2c19c1dbd5df2?s=96&d=identicon&r=g","contentUrl":"https:\/\/secure.gravatar.com\/avatar\/60c3fd73dbf85a6417e2c19c1dbd5df2?s=96&d=identicon&r=g","caption":"Andrea Alvarez"},"url":"https:\/\/arquitecturadeasturias.com\/obras\/author\/andrea-alvarez\/"}]}},"_links":{"self":[{"href":"https:\/\/arquitecturadeasturias.com\/obras\/wp-json\/wp\/v2\/posts\/646"}],"collection":[{"href":"https:\/\/arquitecturadeasturias.com\/obras\/wp-json\/wp\/v2\/posts"}],"about":[{"href":"https:\/\/arquitecturadeasturias.com\/obras\/wp-json\/wp\/v2\/types\/post"}],"author":[{"embeddable":true,"href":"https:\/\/arquitecturadeasturias.com\/obras\/wp-json\/wp\/v2\/users\/8"}],"replies":[{"embeddable":true,"href":"https:\/\/arquitecturadeasturias.com\/obras\/wp-json\/wp\/v2\/comments?post=646"}],"version-history":[{"count":10,"href":"https:\/\/arquitecturadeasturias.com\/obras\/wp-json\/wp\/v2\/posts\/646\/revisions"}],"predecessor-version":[{"id":669,"href":"https:\/\/arquitecturadeasturias.com\/obras\/wp-json\/wp\/v2\/posts\/646\/revisions\/669"}],"wp:featuredmedia":[{"embeddable":true,"href":"https:\/\/arquitecturadeasturias.com\/obras\/wp-json\/wp\/v2\/media\/648"}],"wp:attachment":[{"href":"https:\/\/arquitecturadeasturias.com\/obras\/wp-json\/wp\/v2\/media?parent=646"}],"wp:term":[{"taxonomy":"category","embeddable":true,"href":"https:\/\/arquitecturadeasturias.com\/obras\/wp-json\/wp\/v2\/categories?post=646"},{"taxonomy":"post_tag","embeddable":true,"href":"https:\/\/arquitecturadeasturias.com\/obras\/wp-json\/wp\/v2\/tags?post=646"}],"curies":[{"name":"wp","href":"https:\/\/api.w.org\/{rel}","templated":true}]}}