{"id":801,"date":"2015-04-24T16:40:50","date_gmt":"2015-04-24T15:40:50","guid":{"rendered":"http:\/\/arquitecturadeasturias.com\/obras\/?p=801"},"modified":"2016-05-18T16:46:17","modified_gmt":"2016-05-18T15:46:17","slug":"museo-arqueologico-de-oviedo","status":"publish","type":"post","link":"https:\/\/arquitecturadeasturias.com\/obras\/museo-arqueologico-de-oviedo\/","title":{"rendered":"Museo Arqueol\u00f3gico de Asturias"},"content":{"rendered":"<p>&nbsp;<\/p>\n<p style=\"text-align: right;\"><a href=\"https:\/\/arquitecturadeasturias.com\/obras\/wp-content\/uploads\/2015\/04\/PRINCIPAL_770.jpg\"><img loading=\"lazy\" class=\"aligncenter size-full wp-image-805\" src=\"https:\/\/arquitecturadeasturias.com\/obras\/wp-content\/uploads\/2015\/04\/PRINCIPAL_770.jpg\" alt=\"PRINCIPAL_770\" width=\"770\" height=\"749\" \/><\/a><a href=\"http:\/\/imagensubliminal.com\/\" target=\"_blank\">Miguel de Guzm\u00e1n<\/a><\/p>\n<table class=\"aligncenter\" border=\"0\" width=\"620\" cellspacing=\"0\" cellpadding=\"0\">\n<tbody>\n<tr>\n<td width=\"180\"><strong>Obra:<\/strong><\/td>\n<td>\u00a0Museo Arqueol\u00f3gico de Asturias<\/td>\n<\/tr>\n<tr>\n<td><strong>Arquitecto:<\/strong><\/td>\n<td>\u00a0PardoTapia Arquitectos<\/td>\n<\/tr>\n<tr>\n<td><strong>Localidad:<\/strong><\/td>\n<td>\u00a0Oviedo<\/td>\n<\/tr>\n<tr>\n<td><strong>Ayuntamiento:<\/strong><\/td>\n<td>\u00a0Oviedo<\/td>\n<\/tr>\n<tr>\n<td><strong>A\u00f1o:<\/strong><\/td>\n<td>\u00a02002-2008<\/td>\n<\/tr>\n<tr>\n<td><strong>Geolocalizaci\u00f3n:<\/strong><\/td>\n<td><strong><a href=\"https:\/\/www.google.com\/fusiontables\/embedviz?q=select+col6+from+1InU4j1en-gRMKYhwLG5Jml-HUrpJQ44KqowJKWPY+where+col2+%3D+'PardoTapia+Arquitectos'&amp;viz=MAP&amp;h=false&amp;lat=43.36196706786853&amp;lng=-5.843506131483314&amp;t=3&amp;z=17&amp;l=col6&amp;y=2&amp;tmplt=3&amp;hml=GEOCODABLE\" target=\"_blank\">43.362-5.842<\/a><\/strong><\/td>\n<\/tr>\n<\/tbody>\n<\/table>\n<table class=\" aligncenter\" border=\"0\" width=\"620\" cellspacing=\"0\" cellpadding=\"0\">\n<tbody>\n<tr>\n<td colspan=\"3\"><strong>Otros Datos:<\/strong><\/td>\n<\/tr>\n<tr>\n<td width=\"20\"><\/td>\n<td colspan=\"2\"><strong>Premios:<\/strong><\/td>\n<\/tr>\n<tr>\n<td width=\"20\"><\/td>\n<td width=\"20\"><\/td>\n<td width=\"580\"><\/td>\n<\/tr>\n<tr>\n<td width=\"20\"><\/td>\n<td colspan=\"2\"><strong>Publicaciones:<\/strong><\/td>\n<\/tr>\n<tr>\n<td width=\"20\"><\/td>\n<td width=\"20\"><\/td>\n<td><\/td>\n<\/tr>\n<tr>\n<td width=\"20\"><\/td>\n<td colspan=\"2\"><strong>Informaci\u00f3n en la\u00a0red:<\/strong><\/td>\n<\/tr>\n<tr>\n<td width=\"20\"><\/td>\n<td width=\"20\"><\/td>\n<td>\n<ul>\n<li><a href=\"http:\/\/www.museoarqueologicodeasturias.com\/\" target=\"_blank\"><strong>Museo Arqueol\u00f3gico de Asturias<\/strong><\/a><\/li>\n<li><strong><a href=\"http:\/\/www.pardotapia.com\/esp\" target=\"_blank\">Pardo Tapia Arquitectos<\/a><\/strong><\/li>\n<li><strong><a href=\"http:\/\/divisare.com\/projects\/176338-Fernando-Pardo-Calvo-Bernardo-Garcia-Tapia-MUSEO-ARQUEOL-GICO-DE-OVIEDO-ASTURIAS\" target=\"_blank\">Divisare<\/a><\/strong><\/li>\n<li><strong><a href=\"http:\/\/www.arquitecturaviva.com\/es\/Info\/News\/Details\/2500\" target=\"_blank\">Arquitectura Viva<\/a><\/strong><\/li>\n<li><strong><a href=\"http:\/\/www.plataformaarquitectura.cl\/cl\/02-307205\/museo-arqueologico-de-oviedo-pardo-tapia-arquitectos\" target=\"_blank\">Plataforma Arquitectura<\/a><\/strong><\/li>\n<li><strong><a href=\"http:\/\/www.archdaily.com\/446616\/museo-arqueologico-de-oviedo-pardo-tapia-arquitectos\/\" target=\"_blank\">Archdaily<\/a><\/strong><\/li>\n<li><strong><a href=\"http:\/\/arqa.com\/arquitectura\/reforma-y-ampliacion-del-museo-arqueologico.html\" target=\"_blank\">ARQA<\/a><\/strong><\/li>\n<li><strong><a href=\"http:\/\/www.mecd.gob.es\/giec\/Obras\/concluidas\/museos\/MAOviedo.html\" target=\"_blank\">Ministerio de Educaci\u00f3n, Cultura y Deporte<\/a><\/strong><\/li>\n<\/ul>\n<\/td>\n<\/tr>\n<tr>\n<td width=\"20\"><\/td>\n<td colspan=\"2\"><strong>Descripci\u00f3n del proyecto:<\/strong><\/td>\n<\/tr>\n<tr>\n<td width=\"20\"><\/td>\n<td width=\"20\"><\/td>\n<td><\/td>\n<\/tr>\n<\/tbody>\n<\/table>\n<p>\u00abIdoneidad del lugar<\/p>\n<p>El nuevo museo queda definido por sus l\u00edmites urban\u00edsticos. Los espacios generados por la ampliaci\u00f3n rememoran la trama hist\u00f3rica. A trav\u00e9s de espacios intersticiales y geometr\u00edas regulares se redefinen los antiguos recovecos, las plazuelas y los callejones hist\u00f3ricos.<\/p>\n<p>&nbsp;<\/p>\n<p>Programa<\/p>\n<p>Se responde al programa de necesidades a trav\u00e9s de \u201carticuladores\u201d que permiten adem\u00e1s, otorgar una identidad al museo para su reconocimiento dentro de las necesidades representativas y simb\u00f3licas de la Instituci\u00f3n. Las nuevas salas de exposici\u00f3n se plantean como \u201cnuevos claustros\u201d. A trav\u00e9s del flujo de luz se trabaja la continuidad espacial. Los cerramientos de placas de alabastro y las celos\u00edas de piedra caliza recrean un espacio prerrom\u00e1nico.<\/p>\n<p>El Museo Arqueol\u00f3gico de Oviedo, en definitiva, explora los v\u00ednculos de la arquitectura contempor\u00e1nea y la cultura vern\u00e1cula como una posibilidad de reconstruir el tiempo y la memoria con un lenguaje arquitect\u00f3nico contempor\u00e1neo. El museo se convierte de esta manera en una proyecci\u00f3n del tiempo, un tiempo f\u00edsico pero tambi\u00e9n emocional.\u00bb<\/p>\n<p>PARDOTAPIA ARQUITECTOS<\/p>\n<p><b>Reportaje fotogr\u00e1fico: <\/b>\u00a0Miguel de Guzm\u00e1n<\/p>\n\n\t\t<div id='gallery-8016' class='gallery carousel slide'> <div class='carousel-inner' data-interval='7000'><div class='item active'><img src='https:\/\/arquitecturadeasturias.com\/obras\/wp-content\/uploads\/2015\/04\/0109-pf-museoarqueologico-015resize.jpg' \/><span class='gallery-caption'><\/span><\/div><div class='item'><img src='https:\/\/arquitecturadeasturias.com\/obras\/wp-content\/uploads\/2015\/04\/0109-pf-museoarqueologico-012.jpg' \/><span class='gallery-caption'><\/span><\/div><div class='item'><img src='https:\/\/arquitecturadeasturias.com\/obras\/wp-content\/uploads\/2015\/04\/0109-pf-museoarqueologico-025.jpg' \/><span class='gallery-caption'><\/span><\/div><div class='item'><img src='https:\/\/arquitecturadeasturias.com\/obras\/wp-content\/uploads\/2015\/04\/0109-pf-museoarqueologico-031.jpg' \/><span class='gallery-caption'><\/span><\/div><div class='item'><img src='https:\/\/arquitecturadeasturias.com\/obras\/wp-content\/uploads\/2015\/04\/0109-pf-museoarqueologico-039.jpg' \/><span class='gallery-caption'><\/span><\/div><div class='item'><img src='https:\/\/arquitecturadeasturias.com\/obras\/wp-content\/uploads\/2015\/04\/0109-pf-museoarqueologico-001.jpg' \/><span class='gallery-caption'><\/span><\/div><div class='item'><img src='https:\/\/arquitecturadeasturias.com\/obras\/wp-content\/uploads\/2015\/04\/0109-pf-museoarqueologico-065.jpg' \/><span class='gallery-caption'><\/span><\/div><div class='item'><img src='https:\/\/arquitecturadeasturias.com\/obras\/wp-content\/uploads\/2015\/04\/0109-pf-museoarqueologico-086.jpg' \/><span class='gallery-caption'><\/span><\/div><div class='item'><img src='https:\/\/arquitecturadeasturias.com\/obras\/wp-content\/uploads\/2015\/04\/0109-pf-museoarqueologico-0341.jpg' \/><span class='gallery-caption'><\/span><\/div><div class='item'><img src='https:\/\/arquitecturadeasturias.com\/obras\/wp-content\/uploads\/2015\/04\/0109-pf-museoarqueologico-076resize.jpg' \/><span class='gallery-caption'><\/span><\/div><div class='item'><img src='https:\/\/arquitecturadeasturias.com\/obras\/wp-content\/uploads\/2015\/04\/0109-pf-museoarqueologico-057.jpg' \/><span class='gallery-caption'><\/span><\/div> <\/div><div class=\"carousel-nav\"><ul><\/ul><\/div><a class=\"carousel-control left\" href=\"#gallery-8016\" data-slide=\"prev\"><i class=\"icon-chevron-left\"><\/i><\/a>\r\n        <a class=\"carousel-control right\" href=\"#gallery-8016\" data-slide=\"next\"><i class=\"icon-chevron-right\"><\/i><\/a><\/div>\n<p><strong>Planos: <\/strong>Pardo Tapia<\/p>\n\n\t\t<div id='gallery-8019' class='gallery carousel slide'> <div class='carousel-inner' data-interval='7000'><div class='item active'><img src='https:\/\/arquitecturadeasturias.com\/obras\/wp-content\/uploads\/2015\/04\/aerea_retocada.jpg' \/><span class='gallery-caption'>Maqueta <\/span><\/div><div class='item'><img src='https:\/\/arquitecturadeasturias.com\/obras\/wp-content\/uploads\/2015\/04\/B-Desmontada.jpg' \/><span class='gallery-caption'>Despiece de maqueta<\/span><\/div><div class='item'><img src='https:\/\/arquitecturadeasturias.com\/obras\/wp-content\/uploads\/2015\/04\/GROUND-FLOOR.jpg' \/><span class='gallery-caption'>Planta baja<\/span><\/div><div class='item'><img src='https:\/\/arquitecturadeasturias.com\/obras\/wp-content\/uploads\/2015\/04\/1ST-FLOOR.jpg' \/><span class='gallery-caption'>Planta primera<\/span><\/div><div class='item'><img src='https:\/\/arquitecturadeasturias.com\/obras\/wp-content\/uploads\/2015\/04\/2ND-FLOOR.jpg' \/><span class='gallery-caption'>Planta segunda<\/span><\/div><div class='item'><img src='https:\/\/arquitecturadeasturias.com\/obras\/wp-content\/uploads\/2015\/04\/4TH-FLOOR.jpg' \/><span class='gallery-caption'>Planta cuarta<\/span><\/div><div class='item'><img src='https:\/\/arquitecturadeasturias.com\/obras\/wp-content\/uploads\/2015\/04\/5TH-FLOOR.jpg' \/><span class='gallery-caption'>Planta quinta<\/span><\/div><div class='item'><img src='https:\/\/arquitecturadeasturias.com\/obras\/wp-content\/uploads\/2015\/04\/FRONTVIEWS.jpg' \/><span class='gallery-caption'>Alzados<\/span><\/div><div class='item'><img src='https:\/\/arquitecturadeasturias.com\/obras\/wp-content\/uploads\/2015\/04\/seccionfoto-web.jpg' \/><span class='gallery-caption'>Seccion<\/span><\/div><div class='item'><img src='https:\/\/arquitecturadeasturias.com\/obras\/wp-content\/uploads\/2015\/04\/SECTIONS.jpg' \/><span class='gallery-caption'>Secciones<\/span><\/div> <\/div><div class=\"carousel-nav\"><ul><\/ul><\/div><a class=\"carousel-control left\" href=\"#gallery-8019\" data-slide=\"prev\"><i class=\"icon-chevron-left\"><\/i><\/a>\r\n        <a class=\"carousel-control right\" href=\"#gallery-8019\" data-slide=\"next\"><i class=\"icon-chevron-right\"><\/i><\/a><\/div>\n<p>&nbsp;<\/p>\n","protected":false},"excerpt":{"rendered":"<p>PardoTapia Arquitectos. Oviedo, 2008.<br \/>\nEl nuevo museo queda definido por sus l\u00edmites urban\u00edsticos. Los espacios generados por la ampliaci\u00f3n rememoran la trama hist\u00f3rica. A trav\u00e9s de espacios intersticiales y geometr\u00edas regulares se redefinen los antiguos recovecos, las plazuelas y los callejones hist\u00f3ricos.<\/p>\n","protected":false},"author":8,"featured_media":805,"comment_status":"closed","ping_status":"closed","sticky":false,"template":"","format":"standard","meta":[],"categories":[123,278,165],"tags":[447,474,489,448],"yoast_head":"<!-- This site is optimized with the Yoast SEO plugin v19.4 - https:\/\/yoast.com\/wordpress\/plugins\/seo\/ -->\n<title>Museo Arqueol\u00f3gico de Asturias - A-A<\/title>\n<meta name=\"robots\" content=\"index, follow, max-snippet:-1, max-image-preview:large, max-video-preview:-1\" \/>\n<link rel=\"canonical\" href=\"https:\/\/arquitecturadeasturias.com\/obras\/museo-arqueologico-de-oviedo\/\" \/>\n<meta property=\"og:locale\" content=\"es_ES\" \/>\n<meta property=\"og:type\" content=\"article\" \/>\n<meta property=\"og:title\" content=\"Museo Arqueol\u00f3gico de Asturias - A-A\" \/>\n<meta property=\"og:description\" content=\"PardoTapia Arquitectos. Oviedo, 2008. El nuevo museo queda definido por sus l\u00edmites urban\u00edsticos. Los espacios generados por la ampliaci\u00f3n rememoran la trama hist\u00f3rica. A trav\u00e9s de espacios intersticiales y geometr\u00edas regulares se redefinen los antiguos recovecos, las plazuelas y los callejones hist\u00f3ricos.\" \/>\n<meta property=\"og:url\" content=\"https:\/\/arquitecturadeasturias.com\/obras\/museo-arqueologico-de-oviedo\/\" \/>\n<meta property=\"og:site_name\" content=\"A-A\" \/>\n<meta property=\"article:published_time\" content=\"2015-04-24T15:40:50+00:00\" \/>\n<meta property=\"article:modified_time\" content=\"2016-05-18T15:46:17+00:00\" \/>\n<meta property=\"og:image\" content=\"https:\/\/arquitecturadeasturias.com\/obras\/wp-content\/uploads\/2015\/04\/PRINCIPAL_770.jpg\" \/>\n\t<meta property=\"og:image:width\" content=\"770\" \/>\n\t<meta property=\"og:image:height\" content=\"749\" \/>\n\t<meta property=\"og:image:type\" content=\"image\/jpeg\" \/>\n<meta name=\"author\" content=\"Andrea Alvarez\" \/>\n<meta name=\"twitter:label1\" content=\"Escrito por\" \/>\n\t<meta name=\"twitter:data1\" content=\"Andrea Alvarez\" \/>\n\t<meta name=\"twitter:label2\" content=\"Tiempo de lectura\" \/>\n\t<meta name=\"twitter:data2\" content=\"1 minuto\" \/>\n<script type=\"application\/ld+json\" class=\"yoast-schema-graph\">{\"@context\":\"https:\/\/schema.org\",\"@graph\":[{\"@type\":\"WebSite\",\"@id\":\"https:\/\/arquitecturadeasturias.com\/obras\/#website\",\"url\":\"https:\/\/arquitecturadeasturias.com\/obras\/\",\"name\":\"A-A\",\"description\":\"Arquitectura de Asturias\",\"potentialAction\":[{\"@type\":\"SearchAction\",\"target\":{\"@type\":\"EntryPoint\",\"urlTemplate\":\"https:\/\/arquitecturadeasturias.com\/obras\/?s={search_term_string}\"},\"query-input\":\"required name=search_term_string\"}],\"inLanguage\":\"es\"},{\"@type\":\"WebPage\",\"@id\":\"https:\/\/arquitecturadeasturias.com\/obras\/museo-arqueologico-de-oviedo\/\",\"url\":\"https:\/\/arquitecturadeasturias.com\/obras\/museo-arqueologico-de-oviedo\/\",\"name\":\"Museo Arqueol\u00f3gico de Asturias - A-A\",\"isPartOf\":{\"@id\":\"https:\/\/arquitecturadeasturias.com\/obras\/#website\"},\"datePublished\":\"2015-04-24T15:40:50+00:00\",\"dateModified\":\"2016-05-18T15:46:17+00:00\",\"author\":{\"@id\":\"https:\/\/arquitecturadeasturias.com\/obras\/#\/schema\/person\/f37b95bfa9cd48bf065b37227259101e\"},\"breadcrumb\":{\"@id\":\"https:\/\/arquitecturadeasturias.com\/obras\/museo-arqueologico-de-oviedo\/#breadcrumb\"},\"inLanguage\":\"es\",\"potentialAction\":[{\"@type\":\"ReadAction\",\"target\":[\"https:\/\/arquitecturadeasturias.com\/obras\/museo-arqueologico-de-oviedo\/\"]}]},{\"@type\":\"BreadcrumbList\",\"@id\":\"https:\/\/arquitecturadeasturias.com\/obras\/museo-arqueologico-de-oviedo\/#breadcrumb\",\"itemListElement\":[{\"@type\":\"ListItem\",\"position\":1,\"name\":\"Portada\",\"item\":\"https:\/\/arquitecturadeasturias.com\/obras\/\"},{\"@type\":\"ListItem\",\"position\":2,\"name\":\"Museo Arqueol\u00f3gico de Asturias\"}]},{\"@type\":\"Person\",\"@id\":\"https:\/\/arquitecturadeasturias.com\/obras\/#\/schema\/person\/f37b95bfa9cd48bf065b37227259101e\",\"name\":\"Andrea Alvarez\",\"image\":{\"@type\":\"ImageObject\",\"inLanguage\":\"es\",\"@id\":\"https:\/\/arquitecturadeasturias.com\/obras\/#\/schema\/person\/image\/\",\"url\":\"https:\/\/secure.gravatar.com\/avatar\/60c3fd73dbf85a6417e2c19c1dbd5df2?s=96&d=identicon&r=g\",\"contentUrl\":\"https:\/\/secure.gravatar.com\/avatar\/60c3fd73dbf85a6417e2c19c1dbd5df2?s=96&d=identicon&r=g\",\"caption\":\"Andrea Alvarez\"},\"url\":\"https:\/\/arquitecturadeasturias.com\/obras\/author\/andrea-alvarez\/\"}]}<\/script>\n<!-- \/ Yoast SEO plugin. -->","yoast_head_json":{"title":"Museo Arqueol\u00f3gico de Asturias - A-A","robots":{"index":"index","follow":"follow","max-snippet":"max-snippet:-1","max-image-preview":"max-image-preview:large","max-video-preview":"max-video-preview:-1"},"canonical":"https:\/\/arquitecturadeasturias.com\/obras\/museo-arqueologico-de-oviedo\/","og_locale":"es_ES","og_type":"article","og_title":"Museo Arqueol\u00f3gico de Asturias - A-A","og_description":"PardoTapia Arquitectos. Oviedo, 2008. El nuevo museo queda definido por sus l\u00edmites urban\u00edsticos. Los espacios generados por la ampliaci\u00f3n rememoran la trama hist\u00f3rica. A trav\u00e9s de espacios intersticiales y geometr\u00edas regulares se redefinen los antiguos recovecos, las plazuelas y los callejones hist\u00f3ricos.","og_url":"https:\/\/arquitecturadeasturias.com\/obras\/museo-arqueologico-de-oviedo\/","og_site_name":"A-A","article_published_time":"2015-04-24T15:40:50+00:00","article_modified_time":"2016-05-18T15:46:17+00:00","og_image":[{"width":770,"height":749,"url":"https:\/\/arquitecturadeasturias.com\/obras\/wp-content\/uploads\/2015\/04\/PRINCIPAL_770.jpg","type":"image\/jpeg"}],"author":"Andrea Alvarez","twitter_misc":{"Escrito por":"Andrea Alvarez","Tiempo de lectura":"1 minuto"},"schema":{"@context":"https:\/\/schema.org","@graph":[{"@type":"WebSite","@id":"https:\/\/arquitecturadeasturias.com\/obras\/#website","url":"https:\/\/arquitecturadeasturias.com\/obras\/","name":"A-A","description":"Arquitectura de Asturias","potentialAction":[{"@type":"SearchAction","target":{"@type":"EntryPoint","urlTemplate":"https:\/\/arquitecturadeasturias.com\/obras\/?s={search_term_string}"},"query-input":"required name=search_term_string"}],"inLanguage":"es"},{"@type":"WebPage","@id":"https:\/\/arquitecturadeasturias.com\/obras\/museo-arqueologico-de-oviedo\/","url":"https:\/\/arquitecturadeasturias.com\/obras\/museo-arqueologico-de-oviedo\/","name":"Museo Arqueol\u00f3gico de Asturias - A-A","isPartOf":{"@id":"https:\/\/arquitecturadeasturias.com\/obras\/#website"},"datePublished":"2015-04-24T15:40:50+00:00","dateModified":"2016-05-18T15:46:17+00:00","author":{"@id":"https:\/\/arquitecturadeasturias.com\/obras\/#\/schema\/person\/f37b95bfa9cd48bf065b37227259101e"},"breadcrumb":{"@id":"https:\/\/arquitecturadeasturias.com\/obras\/museo-arqueologico-de-oviedo\/#breadcrumb"},"inLanguage":"es","potentialAction":[{"@type":"ReadAction","target":["https:\/\/arquitecturadeasturias.com\/obras\/museo-arqueologico-de-oviedo\/"]}]},{"@type":"BreadcrumbList","@id":"https:\/\/arquitecturadeasturias.com\/obras\/museo-arqueologico-de-oviedo\/#breadcrumb","itemListElement":[{"@type":"ListItem","position":1,"name":"Portada","item":"https:\/\/arquitecturadeasturias.com\/obras\/"},{"@type":"ListItem","position":2,"name":"Museo Arqueol\u00f3gico de Asturias"}]},{"@type":"Person","@id":"https:\/\/arquitecturadeasturias.com\/obras\/#\/schema\/person\/f37b95bfa9cd48bf065b37227259101e","name":"Andrea Alvarez","image":{"@type":"ImageObject","inLanguage":"es","@id":"https:\/\/arquitecturadeasturias.com\/obras\/#\/schema\/person\/image\/","url":"https:\/\/secure.gravatar.com\/avatar\/60c3fd73dbf85a6417e2c19c1dbd5df2?s=96&d=identicon&r=g","contentUrl":"https:\/\/secure.gravatar.com\/avatar\/60c3fd73dbf85a6417e2c19c1dbd5df2?s=96&d=identicon&r=g","caption":"Andrea Alvarez"},"url":"https:\/\/arquitecturadeasturias.com\/obras\/author\/andrea-alvarez\/"}]}},"_links":{"self":[{"href":"https:\/\/arquitecturadeasturias.com\/obras\/wp-json\/wp\/v2\/posts\/801"}],"collection":[{"href":"https:\/\/arquitecturadeasturias.com\/obras\/wp-json\/wp\/v2\/posts"}],"about":[{"href":"https:\/\/arquitecturadeasturias.com\/obras\/wp-json\/wp\/v2\/types\/post"}],"author":[{"embeddable":true,"href":"https:\/\/arquitecturadeasturias.com\/obras\/wp-json\/wp\/v2\/users\/8"}],"replies":[{"embeddable":true,"href":"https:\/\/arquitecturadeasturias.com\/obras\/wp-json\/wp\/v2\/comments?post=801"}],"version-history":[{"count":11,"href":"https:\/\/arquitecturadeasturias.com\/obras\/wp-json\/wp\/v2\/posts\/801\/revisions"}],"predecessor-version":[{"id":1679,"href":"https:\/\/arquitecturadeasturias.com\/obras\/wp-json\/wp\/v2\/posts\/801\/revisions\/1679"}],"wp:featuredmedia":[{"embeddable":true,"href":"https:\/\/arquitecturadeasturias.com\/obras\/wp-json\/wp\/v2\/media\/805"}],"wp:attachment":[{"href":"https:\/\/arquitecturadeasturias.com\/obras\/wp-json\/wp\/v2\/media?parent=801"}],"wp:term":[{"taxonomy":"category","embeddable":true,"href":"https:\/\/arquitecturadeasturias.com\/obras\/wp-json\/wp\/v2\/categories?post=801"},{"taxonomy":"post_tag","embeddable":true,"href":"https:\/\/arquitecturadeasturias.com\/obras\/wp-json\/wp\/v2\/tags?post=801"}],"curies":[{"name":"wp","href":"https:\/\/api.w.org\/{rel}","templated":true}]}}